{"id":1009,"date":"2023-10-10T10:32:31","date_gmt":"2023-10-10T10:32:31","guid":{"rendered":"https:\/\/interflatdesign.pl\/?p=1009"},"modified":"2023-10-18T10:37:20","modified_gmt":"2023-10-18T10:37:20","slug":"plytki-hiszpanskie-wyrafinowane-piekno-w-twoim-domu","status":"publish","type":"post","link":"https:\/\/interflatdesign.pl\/index.php\/2023\/10\/10\/plytki-hiszpanskie-wyrafinowane-piekno-w-twoim-domu\/","title":{"rendered":"P\u0142ytki hiszpa\u0144skie \u2013 wyrafinowane pi\u0119kno w twoim domu"},"content":{"rendered":"\n<!--more-->\n\n\n\n<p>Hiszpa\u0144skie p\u0142ytki to wyj\u0105tkowy wyb\u00f3r dla tych, kt\u00f3rzy poszukuj\u0105 harmonii mi\u0119dzy tradycj\u0105 a nowoczesno\u015bci\u0105 w swoim wn\u0119trzu. Odpowiadaj\u0105c na rosn\u0105ce zapotrzebowanie rynku na unikalne rozwi\u0105zania, p\u0142ytki hiszpa\u0144skie sta\u0142y si\u0119 symbolem elegancji i trwa\u0142o\u015bci. W tym artykule odkryjemy, dlaczego te p\u0142ytki s\u0105 tak cenione, przyjrzymy si\u0119 ich cechom i dowiecie si\u0119, jakie s\u0105 najnowsze trendy zwi\u0105zane z tym wyj\u0105tkowym materia\u0142em.<\/p>\n\n\n\n<h2 class=\"wp-block-heading\">Historia i Tradycja: Korzenie Hiszpa\u0144skich P\u0142ytek<\/h2>\n\n\n\n<p>Hiszpa\u0144skie p\u0142ytki maj\u0105 d\u0142ug\u0105 histori\u0119, kt\u00f3ra si\u0119ga wiek\u00f3w wstecz. W rzeczywisto\u015bci produkcja p\u0142ytek ceramicznych w Hiszpanii ma korzenie si\u0119gaj\u0105ce czas\u00f3w rzymskich. Ta d\u0142uga tradycja rzemie\u015blnicza przekazywana z pokolenia na pokolenie sta\u0142a si\u0119 fundamentem dla dzisiejszych innowacyjnych wzor\u00f3w i technik produkcji.<\/p>\n\n\n\n<p>Hiszpa\u0144skie p\u0142ytki wyr\u00f3\u017cniaj\u0105 si\u0119 nie tylko swoj\u0105 jako\u015bci\u0105, ale r\u00f3wnie\u017c bogat\u0105 palet\u0105 kolor\u00f3w i wzor\u00f3w. Cz\u0119sto inspirowane natur\u0105, pejza\u017cem i kultur\u0105 tego kraju, p\u0142ytki hiszpa\u0144skie s\u0105 znane ze swojej niepowtarzalnej estetyki. Ich zdolno\u015b\u0107 do przenoszenia tradycyjnych wzor\u00f3w na nowoczesne powierzchnie sprawia, \u017ce s\u0105 one niezwykle popularne zar\u00f3wno w tradycyjnych, jak i nowoczesnych aran\u017cacjach wn\u0119trz.<\/p>\n\n\n\n<figure class=\"wp-block-image size-full\"><img loading=\"lazy\" decoding=\"async\" width=\"827\" height=\"414\" src=\"https:\/\/interflatdesign.pl\/wp-content\/uploads\/2023\/10\/Aparici-Carpet-Vestige-Natural-50x100cm-plytka-podlogowa-patchwork-34988.jpg\" alt=\"p\u0142ytki hiszpa\u0144skie\" class=\"wp-image-1011\" srcset=\"https:\/\/interflatdesign.pl\/wp-content\/uploads\/2023\/10\/Aparici-Carpet-Vestige-Natural-50x100cm-plytka-podlogowa-patchwork-34988.jpg 827w, https:\/\/interflatdesign.pl\/wp-content\/uploads\/2023\/10\/Aparici-Carpet-Vestige-Natural-50x100cm-plytka-podlogowa-patchwork-34988-300x150.jpg 300w, https:\/\/interflatdesign.pl\/wp-content\/uploads\/2023\/10\/Aparici-Carpet-Vestige-Natural-50x100cm-plytka-podlogowa-patchwork-34988-768x384.jpg 768w\" sizes=\"auto, (max-width: 827px) 100vw, 827px\" \/><\/figure>\n\n\n\n<h2 class=\"wp-block-heading\">Innowacje i Nowoczesno\u015b\u0107: p\u0142ytki hiszpa\u0144skie w XXI Wieku<\/h2>\n\n\n\n<p>W dzisiejszym \u015bwiecie p\u0142ytki hiszpa\u0144skie przesz\u0142y przez rewolucj\u0119 technologiczn\u0105, kt\u00f3ra znacznie poszerzy\u0142a ich mo\u017cliwo\u015bci. Nowoczesne techniki produkcji pozwalaj\u0105 na tworzenie p\u0142ytek o r\u00f3\u017cnych kszta\u0142tach i rozmiarach, co umo\u017cliwia projektantom i architektom eksperymentowanie z r\u00f3\u017cnymi uk\u0142adami i kompozycjami.<\/p>\n\n\n\n<p>Dodatkowo, p\u0142ytki hiszpa\u0144skie s\u0105 teraz dost\u0119pne w szerokiej gamie tekstur, od g\u0142adkich i l\u015bni\u0105cych powierzchni po matowe i chropowate wyko\u0144czenia. To sprawia, \u017ce s\u0105 idealnym wyborem do ka\u017cdego pomieszczenia, od kuchni po \u0142azienki, nadaj\u0105c im niepowtarzalny charakter.<\/p>\n\n\n\n<p>Podsumowuj\u0105c, <a href=\"https:\/\/home100.pl\/plytki-hiszpanskie\">p\u0142ytki hiszpa\u0144skie od Home100.pl<\/a> to nie tylko materia\u0142 wyko\u0144czeniowy; to sztuka, tradycja i nowoczesno\u015b\u0107 po\u0142\u0105czone w jednym. Ich wszechstronno\u015b\u0107 i niezwyk\u0142e wzory sprawiaj\u0105, \u017ce s\u0105 one niezmiennie popularne na rynku aran\u017cacji wn\u0119trz. Bez wzgl\u0119du na to, czy jeste\u015b mi\u0142o\u015bnikiem tradycji, czy nowoczesno\u015bci, p\u0142ytki hiszpa\u0144skie mog\u0105 dodatkowo podkre\u015bli\u0107 charakter Twojego domu, tworz\u0105c unikalne i pi\u0119kne przestrzenie, kt\u00f3re b\u0119dziesz podziwia\u0107 przez lata.<\/p>\n","protected":false},"excerpt":{"rendered":"","protected":false},"author":1,"featured_media":1010,"comment_status":"closed","ping_status":"closed","sticky":false,"template":"","format":"standard","meta":{"zakra_page_container_layout":"customizer","zakra_page_sidebar_layout":"customizer","zakra_remove_content_margin":false,"zakra_sidebar":"customizer","zakra_transparent_header":"customizer","zakra_logo":0,"zakra_main_header_style":"default","zakra_menu_item_color":"","zakra_menu_item_hover_color":"","zakra_menu_item_active_color":"","zakra_menu_active_style":"","zakra_page_header":true,"footnotes":""},"categories":[9],"tags":[],"class_list":["post-1009","post","type-post","status-publish","format-standard","has-post-thumbnail","hentry","category-materialy-wykonczeniowe"],"_links":{"self":[{"href":"https:\/\/interflatdesign.pl\/index.php\/wp-json\/wp\/v2\/posts\/1009","targetHints":{"allow":["GET"]}}],"collection":[{"href":"https:\/\/interflatdesign.pl\/index.php\/wp-json\/wp\/v2\/posts"}],"about":[{"href":"https:\/\/interflatdesign.pl\/index.php\/wp-json\/wp\/v2\/types\/post"}],"author":[{"embeddable":true,"href":"https:\/\/interflatdesign.pl\/index.php\/wp-json\/wp\/v2\/users\/1"}],"replies":[{"embeddable":true,"href":"https:\/\/interflatdesign.pl\/index.php\/wp-json\/wp\/v2\/comments?post=1009"}],"version-history":[{"count":2,"href":"https:\/\/interflatdesign.pl\/index.php\/wp-json\/wp\/v2\/posts\/1009\/revisions"}],"predecessor-version":[{"id":1013,"href":"https:\/\/interflatdesign.pl\/index.php\/wp-json\/wp\/v2\/posts\/1009\/revisions\/1013"}],"wp:featuredmedia":[{"embeddable":true,"href":"https:\/\/interflatdesign.pl\/index.php\/wp-json\/wp\/v2\/media\/1010"}],"wp:attachment":[{"href":"https:\/\/interflatdesign.pl\/index.php\/wp-json\/wp\/v2\/media?parent=1009"}],"wp:term":[{"taxonomy":"category","embeddable":true,"href":"https:\/\/interflatdesign.pl\/index.php\/wp-json\/wp\/v2\/categories?post=1009"},{"taxonomy":"post_tag","embeddable":true,"href":"https:\/\/interflatdesign.pl\/index.php\/wp-json\/wp\/v2\/tags?post=1009"}],"curies":[{"name":"wp","href":"https:\/\/api.w.org\/{rel}","templated":true}]}}