{"id":1040,"date":"2023-11-03T10:25:02","date_gmt":"2023-11-03T10:25:02","guid":{"rendered":"https:\/\/interflatdesign.pl\/?p=1040"},"modified":"2023-11-21T10:32:31","modified_gmt":"2023-11-21T10:32:31","slug":"optymalne-rozmiary-w-aranzacji-wnetrza-komoda-180-cm","status":"publish","type":"post","link":"https:\/\/interflatdesign.pl\/index.php\/2023\/11\/03\/optymalne-rozmiary-w-aranzacji-wnetrza-komoda-180-cm\/","title":{"rendered":"Optymalne Rozmiary w Aran\u017cacji Wn\u0119trza: Komoda 180 cm"},"content":{"rendered":"\n<!--more-->\n\n\n\n<p>Rozwa\u017caj\u0105c aran\u017cacj\u0119 wn\u0119trza, cz\u0119sto stoimy przed wyborem mebli, kt\u00f3re jednocze\u015bnie spe\u0142ni\u0105 funkcje praktyczne i estetyczne. W tym kontek\u015bcie, komoda o d\u0142ugo\u015bci 180 cm staje si\u0119 kluczowym elementem, pozwalaj\u0105c na optymalne wykorzystanie dost\u0119pnej przestrzeni.<\/p>\n\n\n\n<p>Wsp\u00f3\u0142czesne mieszkania, charakteryzuj\u0105ce si\u0119 ograniczon\u0105 ilo\u015bci\u0105 metr\u00f3w kwadratowych, wymagaj\u0105 inteligentnych rozwi\u0105za\u0144 meblowych. Komoda o d\u0142ugo\u015bci 180 cm doskonale wpisuje si\u0119 w te potrzeby, oferuj\u0105c wystarczaj\u0105co du\u017co miejsca do przechowywania, bez nadmiernego zajmowania cennej powierzchni.<\/p>\n\n\n\n<h2 class=\"wp-block-heading\">R\u00f3\u017cnorodno\u015b\u0107 Styl\u00f3w i Materia\u0142\u00f3w: Komoda 180 cm w Kontek\u015bcie Designu Wn\u0119trz<\/h2>\n\n\n\n<p>Kolejnym aspektem wartym uwagi jest r\u00f3\u017cnorodno\u015b\u0107 styl\u00f3w i materia\u0142\u00f3w, z kt\u00f3rych wykonane s\u0105 komody  180 cm (<a href=\"https:\/\/novodom.pl\/k\/komody-180-cm\">https:\/\/novodom.pl\/k\/komody-180-cm<\/a>). Niezale\u017cnie od preferencji estetycznych u\u017cytkownika, mo\u017cna znale\u017a\u0107 mebel dopasowany do ka\u017cdej aran\u017cacji. Drewno, metal, czy te\u017c nowoczesne po\u0142\u0105czenia materia\u0142\u00f3w &#8211; wyb\u00f3r jest szeroki, co pozwala dostosowa\u0107 komod\u0119 do charakteru pomieszczenia.<\/p>\n\n\n\n<figure class=\"wp-block-image aligncenter size-full is-resized\"><img loading=\"lazy\" decoding=\"async\" width=\"660\" height=\"600\" src=\"https:\/\/interflatdesign.pl\/wp-content\/uploads\/2023\/11\/komoda-3-drzwiowa-drewniana-porti-48-dab-antyczny.webp\" alt=\"komoda 180 cm\" class=\"wp-image-1041\" style=\"aspect-ratio:1.1;width:412px;height:auto\" srcset=\"https:\/\/interflatdesign.pl\/wp-content\/uploads\/2023\/11\/komoda-3-drzwiowa-drewniana-porti-48-dab-antyczny.webp 660w, https:\/\/interflatdesign.pl\/wp-content\/uploads\/2023\/11\/komoda-3-drzwiowa-drewniana-porti-48-dab-antyczny-300x273.webp 300w\" sizes=\"auto, (max-width: 660px) 100vw, 660px\" \/><\/figure>\n\n\n\n<h2 class=\"wp-block-heading\">Praktyczno\u015b\u0107 Wn\u0119trza: Funkcjonalno\u015b\u0107 Komody 180 cm<\/h2>\n\n\n\n<p>Funkcjonalno\u015b\u0107 to kluczowy element, na kt\u00f3ry zwracamy uwag\u0119 przy wyborze mebli. Komoda o d\u0142ugo\u015bci 180 cm nie tylko prezentuje si\u0119 doskonale, ale tak\u017ce spe\u0142nia praktyczne funkcje przechowywania. Dzi\u0119ki odpowiedniemu rozk\u0142adowi p\u00f3\u0142ek, szuflad i segment\u00f3w, umo\u017cliwia uporz\u0105dkowanie r\u00f3\u017cnorodnych przedmiot\u00f3w, od drobnych akcesori\u00f3w po ubrania czy tekstylia.<\/p>\n\n\n\n<p><strong>W celu u\u0142atwienia decyzji zakupowej, prezentujemy kr\u00f3tk\u0105 list\u0119 atut\u00f3w komody 180 cm:<\/strong><\/p>\n\n\n\n<ul class=\"wp-block-list\">\n<li>Optymalne rozmiary: Idealne dopasowanie do r\u00f3\u017cnych pomieszcze\u0144.<\/li>\n\n\n\n<li>Estetyczny design: R\u00f3\u017cnorodno\u015b\u0107 styl\u00f3w i materia\u0142\u00f3w dla ka\u017cdego gustu.<\/li>\n\n\n\n<li>Funkcjonalno\u015b\u0107: Odpowiednie rozmieszczenie przestrzeni przechowywania.<\/li>\n<\/ul>\n\n\n\n<p>Komoda o d\u0142ugo\u015bci 180 cm to nie tylko mebel praktyczny, ale r\u00f3wnie\u017c element, kt\u00f3ry wprowadzi do wn\u0119trza nut\u0119 elegancji i funkcjonalno\u015bci. Dzi\u0119ki jej zr\u00f3\u017cnicowanym mo\u017cliwo\u015bciom aran\u017cacyjnym, stanowi doskona\u0142e rozwi\u0105zanie dla tych, kt\u00f3rzy pragn\u0105 optymalnie wykorzysta\u0107 dost\u0119pn\u0105 przestrze\u0144, nie rezygnuj\u0105c przy tym z estetyki.<\/p>\n","protected":false},"excerpt":{"rendered":"","protected":false},"author":1,"featured_media":1042,"comment_status":"closed","ping_status":"closed","sticky":false,"template":"","format":"standard","meta":{"zakra_page_container_layout":"customizer","zakra_page_sidebar_layout":"customizer","zakra_remove_content_margin":false,"zakra_sidebar":"customizer","zakra_transparent_header":"customizer","zakra_logo":0,"zakra_main_header_style":"default","zakra_menu_item_color":"","zakra_menu_item_hover_color":"","zakra_menu_item_active_color":"","zakra_menu_active_style":"","zakra_page_header":true,"footnotes":""},"categories":[8],"tags":[],"class_list":["post-1040","post","type-post","status-publish","format-standard","has-post-thumbnail","hentry","category-do-salonu"],"_links":{"self":[{"href":"https:\/\/interflatdesign.pl\/index.php\/wp-json\/wp\/v2\/posts\/1040","targetHints":{"allow":["GET"]}}],"collection":[{"href":"https:\/\/interflatdesign.pl\/index.php\/wp-json\/wp\/v2\/posts"}],"about":[{"href":"https:\/\/interflatdesign.pl\/index.php\/wp-json\/wp\/v2\/types\/post"}],"author":[{"embeddable":true,"href":"https:\/\/interflatdesign.pl\/index.php\/wp-json\/wp\/v2\/users\/1"}],"replies":[{"embeddable":true,"href":"https:\/\/interflatdesign.pl\/index.php\/wp-json\/wp\/v2\/comments?post=1040"}],"version-history":[{"count":1,"href":"https:\/\/interflatdesign.pl\/index.php\/wp-json\/wp\/v2\/posts\/1040\/revisions"}],"predecessor-version":[{"id":1043,"href":"https:\/\/interflatdesign.pl\/index.php\/wp-json\/wp\/v2\/posts\/1040\/revisions\/1043"}],"wp:featuredmedia":[{"embeddable":true,"href":"https:\/\/interflatdesign.pl\/index.php\/wp-json\/wp\/v2\/media\/1042"}],"wp:attachment":[{"href":"https:\/\/interflatdesign.pl\/index.php\/wp-json\/wp\/v2\/media?parent=1040"}],"wp:term":[{"taxonomy":"category","embeddable":true,"href":"https:\/\/interflatdesign.pl\/index.php\/wp-json\/wp\/v2\/categories?post=1040"},{"taxonomy":"post_tag","embeddable":true,"href":"https:\/\/interflatdesign.pl\/index.php\/wp-json\/wp\/v2\/tags?post=1040"}],"curies":[{"name":"wp","href":"https:\/\/api.w.org\/{rel}","templated":true}]}}