{"id":1048,"date":"2023-12-15T10:32:04","date_gmt":"2023-12-15T10:32:04","guid":{"rendered":"https:\/\/interflatdesign.pl\/?p=1048"},"modified":"2023-12-15T10:32:04","modified_gmt":"2023-12-15T10:32:04","slug":"rozkosz-dla-zmyslow-kominek-do-olejkow-zapachowych-w-twoim-domu","status":"publish","type":"post","link":"https:\/\/interflatdesign.pl\/index.php\/2023\/12\/15\/rozkosz-dla-zmyslow-kominek-do-olejkow-zapachowych-w-twoim-domu\/","title":{"rendered":"Rozkosz dla Zmys\u0142\u00f3w: Kominek Do Olejk\u00f3w Zapachowych w Twoim Domu"},"content":{"rendered":"\n<!--more-->\n\n\n\n<p>Zapachy maj\u0105 niezwyk\u0142\u0105 moc przenoszenia nas w r\u00f3\u017cne miejsca i stany emocjonalne. Coraz wi\u0119cej os\u00f3b odkrywa uroki kominka zapachowego, kt\u00f3ry stanowi nie tylko dekoracyjny element wn\u0119trza, ale tak\u017ce doskona\u0142\u0105 platform\u0119 do rozprzestrzeniania ulubionych aromat\u00f3w. Dlaczego kominek do olejk\u00f3w zapachowych zyskuje na popularno\u015bci?<\/p>\n\n\n\n<h2 class=\"wp-block-heading\">Magia Kominka do Wosku<\/h2>\n\n\n\n<p>Kominki zapachowe to praktyczne i estetyczne rozwi\u0105zanie dla mi\u0142o\u015bnik\u00f3w aromaterapii. Dzia\u0142a to na zasadzie stopienia wosku zapachowego, kt\u00f3ry nast\u0119pnie uwalnia intensywny aromat. Przy tym rozwi\u0105zaniu istnieje r\u00f3wnie\u017c mo\u017cliwo\u015b\u0107 korzystania z r\u00f3\u017cnorodnych olejk\u00f3w zapachowych, co czyni kominek uniwersalnym narz\u0119dziem do kreowania wyj\u0105tkowej atmosfery.<\/p>\n\n\n\n<h2 class=\"wp-block-heading\">Aromatyczny Rytua\u0142: Jak Stworzy\u0107 W\u0142asny Nurt Zapachowy<\/h2>\n\n\n\n<p>Tworzenie w\u0142asnych mieszanki zapachowych to przyjemny proces, kt\u00f3ry pozwala dostosowa\u0107 aromat do swoich preferencji. Kominek do olejk\u00f3w zapachowych, zw\u0142aszcza ten oparty na woskach, umo\u017cliwia eksperymentowanie z r\u00f3\u017cnymi kombinacjami zapachowymi. Mo\u017cna skomponowa\u0107 od\u015bwie\u017caj\u0105ce nuty cytrus\u00f3w, relaksuj\u0105ce zapachy lawendy czy ciep\u0142e i koj\u0105ce aromaty drzewne. Kluczem jest kreatywno\u015b\u0107 i odwaga w poszukiwaniu unikalnych po\u0142\u0105cze\u0144.<\/p>\n\n\n\n<figure class=\"wp-block-image aligncenter size-full is-resized\"><img loading=\"lazy\" decoding=\"async\" width=\"800\" height=\"800\" src=\"https:\/\/interflatdesign.pl\/wp-content\/uploads\/2023\/12\/kominek-zapachowy.jpg\" alt=\"kominek do olejk\u00f3w zapachowych w kszta\u0142cie d\u0142oni\" class=\"wp-image-1050\" style=\"aspect-ratio:1;width:484px;height:auto\" srcset=\"https:\/\/interflatdesign.pl\/wp-content\/uploads\/2023\/12\/kominek-zapachowy.jpg 800w, https:\/\/interflatdesign.pl\/wp-content\/uploads\/2023\/12\/kominek-zapachowy-300x300.jpg 300w, https:\/\/interflatdesign.pl\/wp-content\/uploads\/2023\/12\/kominek-zapachowy-150x150.jpg 150w, https:\/\/interflatdesign.pl\/wp-content\/uploads\/2023\/12\/kominek-zapachowy-768x768.jpg 768w\" sizes=\"auto, (max-width: 800px) 100vw, 800px\" \/><\/figure>\n\n\n\n<h2 class=\"wp-block-heading\">Kominek na Wosk: Wyb\u00f3r Dla Wymagaj\u0105cych<\/h2>\n\n\n\n<p>W sklepie <a href=\"https:\/\/topwosk.pl\/pl\/c\/Kominki-zapachowe\/45\">topwosk<\/a> dost\u0119pne s\u0105 r\u00f3\u017cne modele komink\u00f3w do olejk\u00f3w zapachowych, co pozwala dopasowa\u0107 je do indywidualnych potrzeb. R\u00f3\u017cnorodno\u015b\u0107 kszta\u0142t\u00f3w i styl\u00f3w sprawia, \u017ce kominek staje si\u0119 nie tylko \u017ar\u00f3d\u0142em aromatycznych dozna\u0144, ale r\u00f3wnie\u017c ozdob\u0105 przestrzeni. Dla tych, kt\u00f3rzy preferuj\u0105 wygod\u0119, dost\u0119pne s\u0105 r\u00f3wnie\u017c kominki elektryczne, eliminuj\u0105ce konieczno\u015b\u0107 u\u017cywania otwartego ognia.<\/p>\n\n\n\n<p>Podsumowuj\u0105c, kominek zapachowy to nie tylko spos\u00f3b na wprowadzenie przyjemnych aromat\u00f3w do naszego otoczenia, ale tak\u017ce narz\u0119dzie do tworzenia w\u0142asnej, aromatycznej przestrzeni. Dzi\u0119ki temu, ka\u017cdy mo\u017ce znale\u017a\u0107 sw\u00f3j ulubiony zapachowy rytua\u0142 i cieszy\u0107 si\u0119 niezwyk\u0142ymi doznaniami zmys\u0142owymi w zaciszu w\u0142asnego domu.<\/p>\n","protected":false},"excerpt":{"rendered":"","protected":false},"author":1,"featured_media":1049,"comment_status":"closed","ping_status":"closed","sticky":false,"template":"","format":"standard","meta":{"zakra_page_container_layout":"customizer","zakra_page_sidebar_layout":"customizer","zakra_remove_content_margin":false,"zakra_sidebar":"customizer","zakra_transparent_header":"customizer","zakra_logo":0,"zakra_main_header_style":"default","zakra_menu_item_color":"","zakra_menu_item_hover_color":"","zakra_menu_item_active_color":"","zakra_menu_active_style":"","zakra_page_header":true,"footnotes":""},"categories":[14],"tags":[],"class_list":["post-1048","post","type-post","status-publish","format-standard","has-post-thumbnail","hentry","category-wyposazenie-i-akcesoria"],"_links":{"self":[{"href":"https:\/\/interflatdesign.pl\/index.php\/wp-json\/wp\/v2\/posts\/1048","targetHints":{"allow":["GET"]}}],"collection":[{"href":"https:\/\/interflatdesign.pl\/index.php\/wp-json\/wp\/v2\/posts"}],"about":[{"href":"https:\/\/interflatdesign.pl\/index.php\/wp-json\/wp\/v2\/types\/post"}],"author":[{"embeddable":true,"href":"https:\/\/interflatdesign.pl\/index.php\/wp-json\/wp\/v2\/users\/1"}],"replies":[{"embeddable":true,"href":"https:\/\/interflatdesign.pl\/index.php\/wp-json\/wp\/v2\/comments?post=1048"}],"version-history":[{"count":1,"href":"https:\/\/interflatdesign.pl\/index.php\/wp-json\/wp\/v2\/posts\/1048\/revisions"}],"predecessor-version":[{"id":1051,"href":"https:\/\/interflatdesign.pl\/index.php\/wp-json\/wp\/v2\/posts\/1048\/revisions\/1051"}],"wp:featuredmedia":[{"embeddable":true,"href":"https:\/\/interflatdesign.pl\/index.php\/wp-json\/wp\/v2\/media\/1049"}],"wp:attachment":[{"href":"https:\/\/interflatdesign.pl\/index.php\/wp-json\/wp\/v2\/media?parent=1048"}],"wp:term":[{"taxonomy":"category","embeddable":true,"href":"https:\/\/interflatdesign.pl\/index.php\/wp-json\/wp\/v2\/categories?post=1048"},{"taxonomy":"post_tag","embeddable":true,"href":"https:\/\/interflatdesign.pl\/index.php\/wp-json\/wp\/v2\/tags?post=1048"}],"curies":[{"name":"wp","href":"https:\/\/api.w.org\/{rel}","templated":true}]}}