{"id":1087,"date":"2024-09-02T14:23:21","date_gmt":"2024-09-02T14:23:21","guid":{"rendered":"http:\/\/interflatdesign.pl\/?p=1087"},"modified":"2024-09-02T14:23:21","modified_gmt":"2024-09-02T14:23:21","slug":"jakie-zagrozenia-niosa-ze-soba-mole","status":"publish","type":"post","link":"https:\/\/interflatdesign.pl\/index.php\/2024\/09\/02\/jakie-zagrozenia-niosa-ze-soba-mole\/","title":{"rendered":"Jakie zagro\u017cenia nios\u0105 ze sob\u0105 mole?"},"content":{"rendered":"\n<!--more-->\n\n\n\n<p>Mole, a szczeg\u00f3lnie mole odzie\u017cowe i spo\u017cywcze, stanowi\u0105 powa\u017cne zagro\u017cenie dla domownik\u00f3w. Owady te niszcz\u0105 ubrania, dywany i inne tekstylia, a tak\u017ce zanieczyszczaj\u0105 \u017cywno\u015b\u0107. Wyrz\u0105dzone przez nie szkody nie s\u0105 jedynie estetyczne \u2013 mog\u0105 tak\u017ce prowadzi\u0107 do powa\u017cnych strat materialnych, zw\u0142aszcza gdy atakuj\u0105 warto\u015bciowe tkaniny, takie jak we\u0142na czy jedwab. Dodatkowo, mole spo\u017cywcze mog\u0105 powodowa\u0107 ska\u017cenie produkt\u00f3w \u017cywno\u015bciowych, co jest szczeg\u00f3lnie niebezpieczne, gdy\u017c ich obecno\u015b\u0107 cz\u0119sto jest trudna do zauwa\u017cenia na wczesnym etapie.<\/p>\n\n\n\n<h2 class=\"wp-block-heading\">Rodzaje preparat\u00f3w na mole i ich dzia\u0142anie<\/h2>\n\n\n\n<p>Na rynku dost\u0119pnych jest wiele r\u00f3\u017cnych \u015brodk\u00f3w przeznaczonych do walki z molami. Ich wyb\u00f3r zale\u017cy od rodzaju szkodnik\u00f3w oraz specyficznych potrzeb u\u017cytkownika. Chemiczne preparaty na mole, takie jak aerozole i p\u0142yny, dzia\u0142aj\u0105 szybko i skutecznie, eliminuj\u0105c zar\u00f3wno doros\u0142e owady, jak i ich larwy. S\u0105 one szczeg\u00f3lnie efektywne w przypadku masowych infestacji, kiedy to konieczne jest natychmiastowe pozbycie si\u0119 problemu. Poznaj produkty <a href=\"https:\/\/ogrodniczy.com\/preparaty-na-mole\">tutaj<\/a>.<\/p>\n\n\n\n<p>Alternatyw\u0105 dla tradycyjnych \u015brodk\u00f3w chemicznych s\u0105 naturalne preparaty, kt\u00f3re bazuj\u0105 na w\u0142a\u015bciwo\u015bciach odstraszaj\u0105cych niekt\u00f3rych ro\u015blin, takich jak lawenda, cedr czy zio\u0142a aromatyczne. Te metody, cho\u0107 mog\u0105 dzia\u0142a\u0107 nieco wolniej, s\u0105 bardziej ekologiczne i bezpieczniejsze dla zdrowia domownik\u00f3w, co czyni je popularnym wyborem dla os\u00f3b preferuj\u0105cych naturalne rozwi\u0105zania.<\/p>\n\n\n\n<figure class=\"wp-block-image size-large\"><img loading=\"lazy\" decoding=\"async\" width=\"683\" height=\"1024\" src=\"https:\/\/interflatdesign.pl\/wp-content\/uploads\/2024\/09\/fungicydy-683x1024.jpeg\" alt=\"preparaty na mole\" class=\"wp-image-1089\" srcset=\"https:\/\/interflatdesign.pl\/wp-content\/uploads\/2024\/09\/fungicydy-683x1024.jpeg 683w, https:\/\/interflatdesign.pl\/wp-content\/uploads\/2024\/09\/fungicydy-200x300.jpeg 200w, https:\/\/interflatdesign.pl\/wp-content\/uploads\/2024\/09\/fungicydy-768x1152.jpeg 768w, https:\/\/interflatdesign.pl\/wp-content\/uploads\/2024\/09\/fungicydy.jpeg 867w\" sizes=\"auto, (max-width: 683px) 100vw, 683px\" \/><\/figure>\n\n\n\n<h2 class=\"wp-block-heading\">Skuteczno\u015b\u0107 profilaktyki i regularna kontrola<\/h2>\n\n\n\n<p>Aby zapewni\u0107 d\u0142ugotrwa\u0142\u0105 ochron\u0119 przed molami, nie wystarczy jedynie zastosowanie preparat\u00f3w eliminuj\u0105cych owady. Kluczowe jest wdro\u017cenie dzia\u0142a\u0144 profilaktycznych, kt\u00f3re minimalizuj\u0105 ryzyko ponownej infestacji. Regularne przegl\u0105danie szaf i szuflad, a tak\u017ce utrzymywanie czysto\u015bci w kuchni, to podstawowe kroki, kt\u00f3re pomagaj\u0105 zapobiega\u0107 namna\u017caniu si\u0119 moli. Dodatkowo, stosowanie \u015brodk\u00f3w odstraszaj\u0105cych w miejscach przechowywania odzie\u017cy oraz \u017cywno\u015bci, mo\u017ce skutecznie odstrasza\u0107 te owady, utrzymuj\u0105c je z dala od naszych dom\u00f3w.<\/p>\n\n\n\n<p>Podsumowuj\u0105c, skuteczna walka z molami wymaga kompleksowego podej\u015bcia \u2013 od eliminacji istniej\u0105cych owad\u00f3w za pomoc\u0105 specjalistycznych preparat\u00f3w, po regularn\u0105 kontrol\u0119 i profilaktyk\u0119, kt\u00f3ra zabezpiecza przed ich powrotem. Wyb\u00f3r odpowiednich metod oraz ich systematyczne stosowanie pozwala na utrzymanie domu wolnego od tych szkodnik\u00f3w.<\/p>\n","protected":false},"excerpt":{"rendered":"","protected":false},"author":1,"featured_media":1089,"comment_status":"closed","ping_status":"closed","sticky":false,"template":"","format":"standard","meta":{"zakra_page_container_layout":"customizer","zakra_page_sidebar_layout":"customizer","zakra_remove_content_margin":false,"zakra_sidebar":"customizer","zakra_transparent_header":"customizer","zakra_logo":0,"zakra_main_header_style":"default","zakra_menu_item_color":"","zakra_menu_item_hover_color":"","zakra_menu_item_active_color":"","zakra_menu_active_style":"","zakra_page_header":true,"footnotes":""},"categories":[14],"tags":[],"class_list":["post-1087","post","type-post","status-publish","format-standard","has-post-thumbnail","hentry","category-wyposazenie-i-akcesoria"],"_links":{"self":[{"href":"https:\/\/interflatdesign.pl\/index.php\/wp-json\/wp\/v2\/posts\/1087","targetHints":{"allow":["GET"]}}],"collection":[{"href":"https:\/\/interflatdesign.pl\/index.php\/wp-json\/wp\/v2\/posts"}],"about":[{"href":"https:\/\/interflatdesign.pl\/index.php\/wp-json\/wp\/v2\/types\/post"}],"author":[{"embeddable":true,"href":"https:\/\/interflatdesign.pl\/index.php\/wp-json\/wp\/v2\/users\/1"}],"replies":[{"embeddable":true,"href":"https:\/\/interflatdesign.pl\/index.php\/wp-json\/wp\/v2\/comments?post=1087"}],"version-history":[{"count":1,"href":"https:\/\/interflatdesign.pl\/index.php\/wp-json\/wp\/v2\/posts\/1087\/revisions"}],"predecessor-version":[{"id":1090,"href":"https:\/\/interflatdesign.pl\/index.php\/wp-json\/wp\/v2\/posts\/1087\/revisions\/1090"}],"wp:featuredmedia":[{"embeddable":true,"href":"https:\/\/interflatdesign.pl\/index.php\/wp-json\/wp\/v2\/media\/1089"}],"wp:attachment":[{"href":"https:\/\/interflatdesign.pl\/index.php\/wp-json\/wp\/v2\/media?parent=1087"}],"wp:term":[{"taxonomy":"category","embeddable":true,"href":"https:\/\/interflatdesign.pl\/index.php\/wp-json\/wp\/v2\/categories?post=1087"},{"taxonomy":"post_tag","embeddable":true,"href":"https:\/\/interflatdesign.pl\/index.php\/wp-json\/wp\/v2\/tags?post=1087"}],"curies":[{"name":"wp","href":"https:\/\/api.w.org\/{rel}","templated":true}]}}