{"id":1171,"date":"2025-12-03T11:31:09","date_gmt":"2025-12-03T11:31:09","guid":{"rendered":"https:\/\/interflatdesign.pl\/?p=1171"},"modified":"2025-12-15T11:32:03","modified_gmt":"2025-12-15T11:32:03","slug":"magiczne-swiatlo-letnich-wieczorow-lampki-do-basenu-ogrodowego","status":"publish","type":"post","link":"https:\/\/interflatdesign.pl\/index.php\/2025\/12\/03\/magiczne-swiatlo-letnich-wieczorow-lampki-do-basenu-ogrodowego\/","title":{"rendered":"Magiczne \u015bwiat\u0142o letnich wieczor\u00f3w: lampki do basenu ogrodowego"},"content":{"rendered":"\n<!--more-->\n\n\n\n<p>Letni ogr\u00f3d nabiera wyj\u0105tkowego charakteru, gdy tafla wody zaczyna odbija\u0107 delikatne \u015bwiat\u0142o. <strong>Lampki do basenu ogrodowego<\/strong> potrafi\u0105 ca\u0142kowicie odmieni\u0107 atmosfer\u0119 przydomowej przestrzeni. Wprowadzaj\u0105 ciep\u0142y klimat, podkre\u015blaj\u0105 barwy otoczenia i tworz\u0105 naturaln\u0105 opraw\u0119 dla spotka\u0144 z bliskimi. Odpowiednio dobrane o\u015bwietlenie nie pe\u0142ni wy\u0142\u0105cznie funkcji dekoracyjnej \u2014 staje si\u0119 elementem buduj\u0105cym nastr\u00f3j oraz komfort.<\/p>\n\n\n\n<h2 class=\"wp-block-heading\"><strong>R\u00f3\u017cne formy o\u015bwietlenia a efekt wizualny<\/strong><\/h2>\n\n\n\n<p>Ka\u017cdy typ \u015bwiat\u0142a tworzy inny charakter przestrzeni. Punktowe LED-y wyznaczaj\u0105 lini\u0119 brzegow\u0105 basenu i pozwalaj\u0105 zbudowa\u0107 uporz\u0105dkowan\u0105, eleganck\u0105 sceneri\u0119. P\u0142ywaj\u0105ce kulki \u015bwietlne wprowadzaj\u0105 lekko\u015b\u0107, bo ich ruch po powierzchni wody zmienia scen\u0119 z minuty na minut\u0119. Lampy zawieszane w pobli\u017cu basenu tworz\u0105 z kolei bardziej teatralny efekt, idealny dla os\u00f3b ceni\u0105cych wyraziste akcenty. R\u00f3\u017cnorodno\u015b\u0107 form pozwala dopasowa\u0107 \u015bwiat\u0142o do temperamentu gospodarza oraz stylu ogrodu.<\/p>\n\n\n\n<h2 class=\"wp-block-heading\"><strong>Kolor \u015bwiat\u0142a a odbi\u00f3r przestrzeni<\/strong><\/h2>\n\n\n\n<p>Barwa \u015bwiat\u0142a wp\u0142ywa na to, jak postrzegamy ogr\u00f3d po zmroku. Ciep\u0142e tony buduj\u0105 spokojn\u0105 atmosfer\u0119 idealn\u0105 do odpoczynku. Neutralne \u015bwiat\u0142o u\u0142atwia organizacj\u0119 wieczornych aktywno\u015bci przy basenie. Intensywne odcienie RGB nadaj\u0105 scenie radosny, czasem wr\u0119cz imprezowy charakter. Dobrze przemy\u015blana paleta \u015bwietlna nadaje wodzie g\u0142\u0119bi\u0119, podkre\u015bla ro\u015blinno\u015b\u0107 i sprawia, \u017ce ogr\u00f3d zyskuje wyra\u017any styl.<\/p>\n\n\n\n<h2 class=\"wp-block-heading\"><strong>Praktyczne aspekty u\u017cytkowania<\/strong><\/h2>\n\n\n\n<p>Nie ka\u017cda opcja sprawdza si\u0119 w danym ogrodzie, dlatego warto rozwa\u017cy\u0107 kilka praktycznych punkt\u00f3w:<\/p>\n\n\n\n<ul class=\"wp-block-list\">\n<li>\u0142atwo\u015b\u0107 monta\u017cu i demonta\u017cu<br><\/li>\n\n\n\n<li>mo\u017cliwo\u015b\u0107 sterowania nat\u0119\u017ceniem \u015bwiat\u0142a<br><\/li>\n\n\n\n<li>zasilanie solarne lub przewodowe<br><\/li>\n\n\n\n<li>stopie\u0144 wodoszczelno\u015bci<br><\/li>\n\n\n\n<li>wp\u0142yw na zu\u017cycie energii<br><\/li>\n<\/ul>\n\n\n\n<p>Takie spojrzenie u\u0142atwia dob\u00f3r o\u015bwietlenia, kt\u00f3re pracuje stabilnie i daje pe\u0142en komfort u\u017cytkowania.<\/p>\n\n\n\n<h2 class=\"wp-block-heading\"><strong>O\u015bwietlenie jako element ogrodowej scenografii<\/strong><\/h2>\n\n\n\n<p><strong>Lampki do basenu ogrodowego<\/strong> z <a href=\"https:\/\/www.dobrebaseny.pl\/Oswietlenie-basenowe-c143\">Dobrebaseny.pl<\/a> pe\u0142ni\u0105 rol\u0119 ozdoby, ale r\u00f3wnie\u017c narz\u0119dzia tworz\u0105cego konkretny nastr\u00f3j. Woda reaguje na \u015bwiat\u0142o bardzo szczeg\u00f3lnym sposobem \u2014 za\u0142amuje je, wyg\u0142adza albo rozprasza, dzi\u0119ki czemu efekt staje si\u0119 bardziej dynamiczny ni\u017c przy tradycyjnych lampach tarasowych. Umiej\u0119tne rozmieszczenie o\u015bwietlenia pozwala podkre\u015bli\u0107 lini\u0119 ro\u015blin, wyeksponowa\u0107 detale architektury ogrodowej albo nada\u0107 ca\u0142ej przestrzeni intymny charakter. W\u0142a\u015bnie dlatego tak wiele os\u00f3b traktuje \u015bwiat\u0142o jako element scenografii, a nie tylko drobny dodatek.<\/p>\n","protected":false},"excerpt":{"rendered":"","protected":false},"author":1,"featured_media":1172,"comment_status":"closed","ping_status":"closed","sticky":false,"template":"","format":"standard","meta":{"zakra_page_container_layout":"customizer","zakra_page_sidebar_layout":"customizer","zakra_remove_content_margin":false,"zakra_sidebar":"customizer","zakra_transparent_header":"customizer","zakra_logo":0,"zakra_main_header_style":"default","zakra_menu_item_color":"","zakra_menu_item_hover_color":"","zakra_menu_item_active_color":"","zakra_menu_active_style":"","zakra_page_header":true,"footnotes":""},"categories":[4],"tags":[],"class_list":["post-1171","post","type-post","status-publish","format-standard","has-post-thumbnail","hentry","category-do-ogrodu"],"_links":{"self":[{"href":"https:\/\/interflatdesign.pl\/index.php\/wp-json\/wp\/v2\/posts\/1171","targetHints":{"allow":["GET"]}}],"collection":[{"href":"https:\/\/interflatdesign.pl\/index.php\/wp-json\/wp\/v2\/posts"}],"about":[{"href":"https:\/\/interflatdesign.pl\/index.php\/wp-json\/wp\/v2\/types\/post"}],"author":[{"embeddable":true,"href":"https:\/\/interflatdesign.pl\/index.php\/wp-json\/wp\/v2\/users\/1"}],"replies":[{"embeddable":true,"href":"https:\/\/interflatdesign.pl\/index.php\/wp-json\/wp\/v2\/comments?post=1171"}],"version-history":[{"count":1,"href":"https:\/\/interflatdesign.pl\/index.php\/wp-json\/wp\/v2\/posts\/1171\/revisions"}],"predecessor-version":[{"id":1173,"href":"https:\/\/interflatdesign.pl\/index.php\/wp-json\/wp\/v2\/posts\/1171\/revisions\/1173"}],"wp:featuredmedia":[{"embeddable":true,"href":"https:\/\/interflatdesign.pl\/index.php\/wp-json\/wp\/v2\/media\/1172"}],"wp:attachment":[{"href":"https:\/\/interflatdesign.pl\/index.php\/wp-json\/wp\/v2\/media?parent=1171"}],"wp:term":[{"taxonomy":"category","embeddable":true,"href":"https:\/\/interflatdesign.pl\/index.php\/wp-json\/wp\/v2\/categories?post=1171"},{"taxonomy":"post_tag","embeddable":true,"href":"https:\/\/interflatdesign.pl\/index.php\/wp-json\/wp\/v2\/tags?post=1171"}],"curies":[{"name":"wp","href":"https:\/\/api.w.org\/{rel}","templated":true}]}}