{"id":189,"date":"2020-05-06T13:10:00","date_gmt":"2020-05-06T13:10:00","guid":{"rendered":"http:\/\/interflatdesign.pl\/?p=189"},"modified":"2020-05-21T13:14:20","modified_gmt":"2020-05-21T13:14:20","slug":"fotel-do-biurka-na-kolkach-czy-na-plozach","status":"publish","type":"post","link":"https:\/\/interflatdesign.pl\/index.php\/2020\/05\/06\/fotel-do-biurka-na-kolkach-czy-na-plozach\/","title":{"rendered":"Fotel do biurka na k\u00f3\u0142kach czy na p\u0142ozach?"},"content":{"rendered":"\n<p>Producenci maj\u0105 w swojej ofercie sprzeda\u017cowej fotele do biurka na k\u00f3\u0142kach albo fotele na p\u0142ozach. Oba rozwi\u0105zania maj\u0105 swoje zalety i wady, dlatego te\u017c warto dok\u0142adnie zapozna\u0107 si\u0119 z nimi, dzi\u0119ki czemu zdecydowanie \u0142atwiej b\u0119dzie dokona\u0107 udanego zakupu.<\/p>\n\n\n\n<h2 class=\"wp-block-heading\">Fotele na k\u00f3\u0142kach<\/h2>\n\n\n\n<p>W dzisiejszych czasach wi\u0119kszym zainteresowaniem ciesz\u0105 si\u0119 modele na k\u00f3\u0142kach, kt\u00f3re s\u0105 zdecydowanie praktyczniejsze. Pami\u0119ta\u0107 nale\u017cy jednak o tym, \u017ce k\u00f3\u0142ka mog\u0105 by\u0107 wykonane z wielu r\u00f3\u017cnych materia\u0142\u00f3w, dlatego te\u017c warto postawi\u0107 na takie rozwi\u0105zania, kt\u00f3re nie b\u0119d\u0105 rysowa\u0107 pod\u0142ogi. Najbardziej praktyczne s\u0105 oczywi\u015bcie k\u00f3\u0142ka wykonane z gumy, kt\u00f3ra mo\u017ce mie\u0107 r\u00f3\u017cn\u0105 twardo\u015b\u0107.<\/p>\n\n\n\n<h2 class=\"wp-block-heading\">Fotele na p\u0142ozach<\/h2>\n\n\n\n<p>Fotel do biurka z <a href=\"https:\/\/www.mebletkaniny.pl\/fotele-obrotowe-cat-35\">MebleTkaniny<\/a> na p\u0142ozach nie posiada centralnej podstawy, dlatego te\u017c dla wielu os\u00f3b jest zdecydowanie wygodniejszy. Spor\u0105 zalet\u0105 p\u0142\u00f3z jest tak\u017ce to, \u017ce \u0142atwo je przesuwa\u0107. Raz ustawiony fotel do biurka na p\u0142ozach stoi bardzo stabilnie.<\/p>\n\n\n\n<h2 class=\"wp-block-heading\">Co wybra\u0107?<\/h2>\n\n\n\n<p>Wyb\u00f3r konkretnego modelu zale\u017cy tak naprawd\u0119 od indywidualnych preferencji ka\u017cdego u\u017cytkownika. Oferta na rynku jest naprawd\u0119 bardzo szeroka i r\u00f3\u017cnorodna, dzi\u0119ki czemu ka\u017cdy znajdzie co\u015b dla siebie. Ciekaw\u0105 propozycj\u0105 s\u0105 nowoczesne fotele medyczne, kt\u00f3re wbrew pozorom s\u0105 dobrym wyborem nie tylko dla os\u00f3b z problemami z kr\u0119gos\u0142upem. Fotele tego typu do\u015b\u0107 cz\u0119sto projektowane s\u0105 na indywidualne potrzeby konkretnego u\u017cytkownika. Niestety fotele ortopedyczne do\u015b\u0107 du\u017co kosztuj\u0105, dlatego te\u017c nie ka\u017cdy mo\u017ce pozwoli\u0107 sobie na ich zakup.<\/p>\n","protected":false},"excerpt":{"rendered":"<p>Producenci maj\u0105 w swojej ofercie sprzeda\u017cowej fotele do biurka na k\u00f3\u0142kach albo fotele na p\u0142ozach. Oba rozwi\u0105zania maj\u0105 swoje zalety i wady, dlatego te\u017c warto dok\u0142adnie zapozna\u0107 si\u0119 z nimi, dzi\u0119ki czemu zdecydowanie \u0142atwiej b\u0119dzie dokona\u0107 udanego zakupu. Fotele na k\u00f3\u0142kach W dzisiejszych czasach wi\u0119kszym zainteresowaniem ciesz\u0105 si\u0119 modele na k\u00f3\u0142kach, kt\u00f3re s\u0105 zdecydowanie praktyczniejsze. [&hellip;]<\/p>\n","protected":false},"author":1,"featured_media":190,"comment_status":"closed","ping_status":"closed","sticky":false,"template":"","format":"standard","meta":{"zakra_page_container_layout":"customizer","zakra_page_sidebar_layout":"customizer","zakra_remove_content_margin":false,"zakra_sidebar":"customizer","zakra_transparent_header":"customizer","zakra_logo":0,"zakra_main_header_style":"default","zakra_menu_item_color":"","zakra_menu_item_hover_color":"","zakra_menu_item_active_color":"","zakra_menu_active_style":"","zakra_page_header":true,"footnotes":""},"categories":[10],"tags":[],"class_list":["post-189","post","type-post","status-publish","format-standard","has-post-thumbnail","hentry","category-do-biura"],"_links":{"self":[{"href":"https:\/\/interflatdesign.pl\/index.php\/wp-json\/wp\/v2\/posts\/189","targetHints":{"allow":["GET"]}}],"collection":[{"href":"https:\/\/interflatdesign.pl\/index.php\/wp-json\/wp\/v2\/posts"}],"about":[{"href":"https:\/\/interflatdesign.pl\/index.php\/wp-json\/wp\/v2\/types\/post"}],"author":[{"embeddable":true,"href":"https:\/\/interflatdesign.pl\/index.php\/wp-json\/wp\/v2\/users\/1"}],"replies":[{"embeddable":true,"href":"https:\/\/interflatdesign.pl\/index.php\/wp-json\/wp\/v2\/comments?post=189"}],"version-history":[{"count":1,"href":"https:\/\/interflatdesign.pl\/index.php\/wp-json\/wp\/v2\/posts\/189\/revisions"}],"predecessor-version":[{"id":191,"href":"https:\/\/interflatdesign.pl\/index.php\/wp-json\/wp\/v2\/posts\/189\/revisions\/191"}],"wp:featuredmedia":[{"embeddable":true,"href":"https:\/\/interflatdesign.pl\/index.php\/wp-json\/wp\/v2\/media\/190"}],"wp:attachment":[{"href":"https:\/\/interflatdesign.pl\/index.php\/wp-json\/wp\/v2\/media?parent=189"}],"wp:term":[{"taxonomy":"category","embeddable":true,"href":"https:\/\/interflatdesign.pl\/index.php\/wp-json\/wp\/v2\/categories?post=189"},{"taxonomy":"post_tag","embeddable":true,"href":"https:\/\/interflatdesign.pl\/index.php\/wp-json\/wp\/v2\/tags?post=189"}],"curies":[{"name":"wp","href":"https:\/\/api.w.org\/{rel}","templated":true}]}}