{"id":22,"date":"2019-06-17T12:08:18","date_gmt":"2019-06-17T12:08:18","guid":{"rendered":"http:\/\/interflatdesign.pl\/?p=22"},"modified":"2019-06-24T12:10:16","modified_gmt":"2019-06-24T12:10:16","slug":"inspiracje-na-blaty-kuchenne","status":"publish","type":"post","link":"https:\/\/interflatdesign.pl\/index.php\/2019\/06\/17\/inspiracje-na-blaty-kuchenne\/","title":{"rendered":"Inspiracje na blaty kuchenne"},"content":{"rendered":"\n<p>Blaty kuchenne przede wszystkim stanowi\u0105 ogromn\u0105 dekoracj\u0119 ka\u017cdej kuchni. Podczas wyboru takiego produktu, nie wolno jednak kierowa\u0107 si\u0119 tylko i wy\u0142\u0105cznie walorami estetycznymi, ale r\u00f3wnie\u017c walorami funkcjonalnymi. One tak\u017ce s\u0105 ogromnie wa\u017cne. <\/p>\n\n\n\n<h2 class=\"wp-block-heading\">Jaki blat wybra\u0107 do kuchni?<\/h2>\n\n\n\n<p>Blaty kuchenne powinny by\u0107 odporne na wszelkie uszkodzenia mechaniczne, wysokie temperatury, wilgo\u0107 oraz \u015brodki czyszcz\u0105ce. Do tego musz\u0105 tak\u017ce zapewnia\u0107 wygodne miejsce do pracy w kuchni. Kolor blatu do kuchni powinien przede wszystkim komponowa\u0107 si\u0119 z innymi elementami, kt\u00f3re znajduj\u0105 si\u0119 w tym pomieszczeniu. We\u017amy pod uwag\u0119 nie tylko meble, ale r\u00f3wnie\u017c parapet czy drzwi. Kiedy p\u0142ytki na \u015bcianie s\u0105 utrzymywane w ciemnej kolorystyce, musimy pami\u0119ta\u0107 o tym, aby blat cechowa\u0142 si\u0119 jasnymi barwami. Wtedy zachowamy odpowiednie proporcje. <\/p>\n\n\n\n<h2 class=\"wp-block-heading\">Wyb\u00f3r blatu kuchennego <\/h2>\n\n\n\n<p>Aktualnie modne jest malowanie \u015bcian kuchennych na kolor bia\u0142y. Jaki wybra\u0107 blat w takiej sytuacji? To pytanie zadawane jest przez wiele os\u00f3b. Do modnych, bia\u0142ych \u015bcian pasuj\u0105 przede wszystkim drewniane akcenty. Blat drewniany z pewno\u015bci\u0105 doda kuchni ciep\u0142a oraz sprawi, \u017ce b\u0119dzie to bardzo przytulne wn\u0119trze, w kt\u00f3rych ch\u0119tnie b\u0119dzie si\u0119 przyrz\u0105dza\u0107 posi\u0142ki oraz delektowa\u0107 si\u0119 smacznymi daniami. <\/p>\n\n\n\n<p>Blaty kuchenne aktualnie w sklepie Belmeb dost\u0119pne s\u0105 w atrakcyjnych cenach:  <a href=\"https:\/\/www.belmeb.pl\/blaty-kuchenne.html\">https:\/\/www.belmeb.pl\/blaty-kuchenne.html<\/a>. Warto zdecydowa\u0107 si\u0119 na produkt, kt\u00f3ry faktycznie b\u0119dzie si\u0119 nam podoba\u0142, poniewa\u017c jest to wyb\u00f3r na wiele lat.<\/p>\n","protected":false},"excerpt":{"rendered":"<p>Blaty kuchenne przede wszystkim stanowi\u0105 ogromn\u0105 dekoracj\u0119 ka\u017cdej kuchni. Podczas wyboru takiego produktu, nie wolno jednak kierowa\u0107 si\u0119 tylko i wy\u0142\u0105cznie walorami estetycznymi, ale r\u00f3wnie\u017c walorami funkcjonalnymi. One tak\u017ce s\u0105 ogromnie wa\u017cne. Jaki blat wybra\u0107 do kuchni? Blaty kuchenne powinny by\u0107 odporne na wszelkie uszkodzenia mechaniczne, wysokie temperatury, wilgo\u0107 oraz \u015brodki czyszcz\u0105ce. Do tego musz\u0105 [&hellip;]<\/p>\n","protected":false},"author":1,"featured_media":23,"comment_status":"closed","ping_status":"closed","sticky":false,"template":"","format":"standard","meta":{"zakra_page_container_layout":"customizer","zakra_page_sidebar_layout":"customizer","zakra_remove_content_margin":false,"zakra_sidebar":"customizer","zakra_transparent_header":"customizer","zakra_logo":0,"zakra_main_header_style":"default","zakra_menu_item_color":"","zakra_menu_item_hover_color":"","zakra_menu_item_active_color":"","zakra_menu_active_style":"","zakra_page_header":true,"footnotes":""},"categories":[3],"tags":[],"class_list":["post-22","post","type-post","status-publish","format-standard","has-post-thumbnail","hentry","category-do-kuchni"],"_links":{"self":[{"href":"https:\/\/interflatdesign.pl\/index.php\/wp-json\/wp\/v2\/posts\/22","targetHints":{"allow":["GET"]}}],"collection":[{"href":"https:\/\/interflatdesign.pl\/index.php\/wp-json\/wp\/v2\/posts"}],"about":[{"href":"https:\/\/interflatdesign.pl\/index.php\/wp-json\/wp\/v2\/types\/post"}],"author":[{"embeddable":true,"href":"https:\/\/interflatdesign.pl\/index.php\/wp-json\/wp\/v2\/users\/1"}],"replies":[{"embeddable":true,"href":"https:\/\/interflatdesign.pl\/index.php\/wp-json\/wp\/v2\/comments?post=22"}],"version-history":[{"count":1,"href":"https:\/\/interflatdesign.pl\/index.php\/wp-json\/wp\/v2\/posts\/22\/revisions"}],"predecessor-version":[{"id":24,"href":"https:\/\/interflatdesign.pl\/index.php\/wp-json\/wp\/v2\/posts\/22\/revisions\/24"}],"wp:featuredmedia":[{"embeddable":true,"href":"https:\/\/interflatdesign.pl\/index.php\/wp-json\/wp\/v2\/media\/23"}],"wp:attachment":[{"href":"https:\/\/interflatdesign.pl\/index.php\/wp-json\/wp\/v2\/media?parent=22"}],"wp:term":[{"taxonomy":"category","embeddable":true,"href":"https:\/\/interflatdesign.pl\/index.php\/wp-json\/wp\/v2\/categories?post=22"},{"taxonomy":"post_tag","embeddable":true,"href":"https:\/\/interflatdesign.pl\/index.php\/wp-json\/wp\/v2\/tags?post=22"}],"curies":[{"name":"wp","href":"https:\/\/api.w.org\/{rel}","templated":true}]}}