{"id":239,"date":"2020-08-24T09:11:00","date_gmt":"2020-08-24T09:11:00","guid":{"rendered":"http:\/\/interflatdesign.pl\/?p=239"},"modified":"2020-08-28T09:13:07","modified_gmt":"2020-08-28T09:13:07","slug":"jakie-powinno-byc-oswietlenie-w-poszczegolnych-pokojach","status":"publish","type":"post","link":"https:\/\/interflatdesign.pl\/index.php\/2020\/08\/24\/jakie-powinno-byc-oswietlenie-w-poszczegolnych-pokojach\/","title":{"rendered":"Jakie powinno by\u0107 o\u015bwietlenie w poszczeg\u00f3lnych pokojach?"},"content":{"rendered":"\n<p>Przy projektowaniu sposobu skonstruowania o\u015bwietlenia w domu warto decydowa\u0107 si\u0119 na stworzenie dw\u00f3ch stref, czyli dziennej oraz nocnej. W dziennej strefie znacznie lepszym rozwi\u0105zaniem jest postawienie na \u015bwiat\u0142o o zimnych barwach. Natomiast w strefie nocnej lepiej sprawdza si\u0119 \u015bwiat\u0142o o barwie ciep\u0142ej.<\/p>\n\n\n\n<h2 class=\"wp-block-heading\">Jakie cechy powinno mie\u0107 \u015bwiat\u0142o?<\/h2>\n\n\n\n<p>Przy wybieraniu wyrob\u00f3w o\u015bwietleniowych trzeba bra\u0107 pod uwag\u0119:<\/p>\n\n\n\n<ul class=\"wp-block-list\"><li>moc,<\/li><li>nat\u0119\u017cenie,<\/li><li>barw\u0119.<\/li><\/ul>\n\n\n\n<p>Moc musi by\u0107 dopasowana do konkretnej powierzchni u\u017cytkowej. Wi\u0119ksze pomieszczenia wymagaj\u0105 wi\u0119kszej ilo\u015bci tk lighting lamp, kt\u00f3re s\u0105 dodatkowymi elementami \u015bwietlnymi. Natomiast tklighting o\u015bwietlenie w mniejszych pomieszczeniach mo\u017ce w znacznie wi\u0119kszym stopniu skupia\u0107 si\u0119 na g\u0142\u00f3wnym elemencie \u015bwietlnym &#8211; <a href=\"https:\/\/www.elampy.pl\/227-tk-lighting\">https:\/\/www.elampy.pl\/227-tk-lighting<\/a>.<\/p>\n\n\n\n<h2 class=\"wp-block-heading\">Wygl\u0105d przestrzeni u\u017cytkowej<\/h2>\n\n\n\n<p>W zale\u017cno\u015bci od tego, jak wygl\u0105da przestrze\u0144 u\u017cytkowa pokoju, tym inaczej mo\u017cna kszta\u0142towa\u0107 poszczeg\u00f3lne elementy \u015bwietlne. Gdy w pokoju jest wiele wn\u0119k w\u00f3wczas trzeba postawi\u0107 na dodatkowe tk lighting lampy, kt\u00f3re zapewni\u0105 w takich miejscach odpowiedni\u0105 ilo\u015b\u0107 \u015bwiat\u0142a. W du\u017cych pomieszczeniach w tklighting o\u015bwietleniu powinny by\u0107 wykorzystane dodatkowe elementy dekoracyjne. Pozwalaj\u0105 one znacznie lepiej wype\u0142ni\u0107 \u015bwiat\u0142em ca\u0142\u0105 przestrze\u0144 u\u017cytkow\u0105, co pozwala do\u015bwietli\u0107 cho\u0107by miejsce, gdzie si\u0119 czyta, pracuje przy komputerze czy wypoczywa.<\/p>\n\n\n\n<p>Wybieraj\u0105c wyroby o\u015bwietleniowe warto jest decydowa\u0107 si\u0119 na wysokiej jako\u015bci produkty tk-lighting. Takie konstrukcje s\u0105 w stanie zapewni\u0107 odpowiednio d\u0142ugi czas u\u017cytkowania bez pojawiania si\u0119 uszkodze\u0144. Jednocze\u015bnie markowe o\u015bwietlenie tk-lighting jest w stanie zapewni\u0107 wiele produkt\u00f3w zgodnych z najnowszymi trendami. Pozwala to stworzy\u0107 modne wn\u0119trza. Oczywi\u015bcie poszczeg\u00f3lne elementy o\u015bwietleniowe musz\u0105 by\u0107 odpowiednio dopasowane r\u00f3wnie\u017c do konkretnej stylistyki, kt\u00f3ra zosta\u0142a zastosowana w konkretnym pokoju.<\/p>\n","protected":false},"excerpt":{"rendered":"<p>Przy projektowaniu sposobu skonstruowania o\u015bwietlenia w domu warto decydowa\u0107 si\u0119 na stworzenie dw\u00f3ch stref, czyli dziennej oraz nocnej. W dziennej strefie znacznie lepszym rozwi\u0105zaniem jest postawienie na \u015bwiat\u0142o o zimnych barwach. Natomiast w strefie nocnej lepiej sprawdza si\u0119 \u015bwiat\u0142o o barwie ciep\u0142ej. Jakie cechy powinno mie\u0107 \u015bwiat\u0142o? Przy wybieraniu wyrob\u00f3w o\u015bwietleniowych trzeba bra\u0107 pod uwag\u0119: [&hellip;]<\/p>\n","protected":false},"author":1,"featured_media":0,"comment_status":"closed","ping_status":"closed","sticky":false,"template":"","format":"standard","meta":{"zakra_page_container_layout":"customizer","zakra_page_sidebar_layout":"customizer","zakra_remove_content_margin":false,"zakra_sidebar":"customizer","zakra_transparent_header":"customizer","zakra_logo":0,"zakra_main_header_style":"default","zakra_menu_item_color":"","zakra_menu_item_hover_color":"","zakra_menu_item_active_color":"","zakra_menu_active_style":"","zakra_page_header":true,"footnotes":""},"categories":[11],"tags":[],"class_list":["post-239","post","type-post","status-publish","format-standard","hentry","category-mieszkania"],"_links":{"self":[{"href":"https:\/\/interflatdesign.pl\/index.php\/wp-json\/wp\/v2\/posts\/239","targetHints":{"allow":["GET"]}}],"collection":[{"href":"https:\/\/interflatdesign.pl\/index.php\/wp-json\/wp\/v2\/posts"}],"about":[{"href":"https:\/\/interflatdesign.pl\/index.php\/wp-json\/wp\/v2\/types\/post"}],"author":[{"embeddable":true,"href":"https:\/\/interflatdesign.pl\/index.php\/wp-json\/wp\/v2\/users\/1"}],"replies":[{"embeddable":true,"href":"https:\/\/interflatdesign.pl\/index.php\/wp-json\/wp\/v2\/comments?post=239"}],"version-history":[{"count":1,"href":"https:\/\/interflatdesign.pl\/index.php\/wp-json\/wp\/v2\/posts\/239\/revisions"}],"predecessor-version":[{"id":240,"href":"https:\/\/interflatdesign.pl\/index.php\/wp-json\/wp\/v2\/posts\/239\/revisions\/240"}],"wp:attachment":[{"href":"https:\/\/interflatdesign.pl\/index.php\/wp-json\/wp\/v2\/media?parent=239"}],"wp:term":[{"taxonomy":"category","embeddable":true,"href":"https:\/\/interflatdesign.pl\/index.php\/wp-json\/wp\/v2\/categories?post=239"},{"taxonomy":"post_tag","embeddable":true,"href":"https:\/\/interflatdesign.pl\/index.php\/wp-json\/wp\/v2\/tags?post=239"}],"curies":[{"name":"wp","href":"https:\/\/api.w.org\/{rel}","templated":true}]}}