{"id":299,"date":"2020-11-01T14:47:00","date_gmt":"2020-11-01T14:47:00","guid":{"rendered":"http:\/\/interflatdesign.pl\/?p=299"},"modified":"2020-11-05T14:50:39","modified_gmt":"2020-11-05T14:50:39","slug":"planowanie-wygladu-ogrodu","status":"publish","type":"post","link":"https:\/\/interflatdesign.pl\/index.php\/2020\/11\/01\/planowanie-wygladu-ogrodu\/","title":{"rendered":"Planowanie wygl\u0105du ogrodu"},"content":{"rendered":"\n<p>Wygl\u0105d ogrodu cz\u0119sto odwzorowuje indywidualne preferencje w\u0142a\u015bciciela. To, czy ogr\u00f3d jest uporz\u0105dkowany, z r\u00f3wno przyci\u0119t\u0105 traw\u0105, kwiatami posadzonymi w r\u00f3wnym rz\u0119dzie, czy mo\u017ce z odrobin\u0105 chaosu tw\u00f3rczego i rzadko spotykanymi formami ro\u015blin.<br>Niezale\u017cnie od tego, jaki ogr\u00f3d preferujemy, warto postara\u0107 si\u0119, by faktycznie jaki\u015b by\u0142.<\/p>\n\n\n\n<!--more-->\n\n\n\n<h2 class=\"wp-block-heading\">Planowanie ogrodu na ca\u0142y rok<\/h2>\n\n\n\n<p>Planuj\u0105c, jaki powinien by\u0107 ogr\u00f3d, nale\u017cy u\u0142o\u017cy\u0107 go tak, aby zawsze co\u015b kwit\u0142o. Zapisz czas kwitnienia kwiat\u00f3w, kt\u00f3re planujesz posadzi\u0107, aby uzyska\u0107 dobry przegl\u0105d. Wa\u017cne, by ogr\u00f3d cieszy\u0142 oczy nie tylko, kiedy jest lato. Jest te\u017c mn\u00f3stwo ro\u015blin, kt\u00f3re mog\u0105 cieszy\u0107 oko w nieco ni\u017cszych temperaturach. Nie chodzi tutaj tylko o kolorowe kwiaty. Ozdobne krzewy, czy ro\u015bliny pn\u0105ce takie jak bluszcz r\u00f3wnie\u017c pi\u0119knie udekoruj\u0105 ogr\u00f3d. Sklep ogrodniczy, zaoferuje nam ro\u015bliny dostosowane nie tylko do ciep\u0142ej temperatury, ale te\u017c do bardziej wilgotnych lub zacienionych miejsc.<\/p>\n\n\n\n<p><strong>Elementy ozdobne w ogrodzie<\/strong><\/p>\n\n\n\n<p>Zaprojektuj wej\u015bcie do ogrodu. Wyznacz portal wej\u015bciowy kolumnami, \u015bcie\u017ck\u0105, altan\u0105, mini dziedzi\u0144cem z fontann\u0105, ozdobn\u0105 skrzynk\u0105 pocztow\u0105 na kolumnie, nasadzeniem na filarze lub doniczkami. Lub u\u017cyj kombinacji tych wszystkich element\u00f3w. <a href=\"https:\/\/ogrodniczy.com\/\">Internetowy sklep ogrodniczy<\/a> czy te\u017c market ogrodniczy, to miejsce gdzie mo\u017cesz znale\u017a\u0107 wiele przydatnych i inspiruj\u0105cych element\u00f3w. Dobrze przemy\u015blany ogr\u00f3d to taki, kt\u00f3ry jest zar\u00f3wno pi\u0119kny, jak i praktyczny.<\/p>\n","protected":false},"excerpt":{"rendered":"<p>Wygl\u0105d ogrodu cz\u0119sto odwzorowuje indywidualne preferencje w\u0142a\u015bciciela. To, czy ogr\u00f3d jest uporz\u0105dkowany, z r\u00f3wno przyci\u0119t\u0105 traw\u0105, kwiatami posadzonymi w r\u00f3wnym rz\u0119dzie, czy mo\u017ce z odrobin\u0105 chaosu tw\u00f3rczego i rzadko spotykanymi formami ro\u015blin.Niezale\u017cnie od tego, jaki ogr\u00f3d preferujemy, warto postara\u0107 si\u0119, by faktycznie jaki\u015b by\u0142.<\/p>\n","protected":false},"author":1,"featured_media":300,"comment_status":"closed","ping_status":"closed","sticky":false,"template":"","format":"standard","meta":{"zakra_page_container_layout":"customizer","zakra_page_sidebar_layout":"customizer","zakra_remove_content_margin":false,"zakra_sidebar":"customizer","zakra_transparent_header":"customizer","zakra_logo":0,"zakra_main_header_style":"default","zakra_menu_item_color":"","zakra_menu_item_hover_color":"","zakra_menu_item_active_color":"","zakra_menu_active_style":"","zakra_page_header":true,"footnotes":""},"categories":[4],"tags":[],"class_list":["post-299","post","type-post","status-publish","format-standard","has-post-thumbnail","hentry","category-do-ogrodu"],"_links":{"self":[{"href":"https:\/\/interflatdesign.pl\/index.php\/wp-json\/wp\/v2\/posts\/299","targetHints":{"allow":["GET"]}}],"collection":[{"href":"https:\/\/interflatdesign.pl\/index.php\/wp-json\/wp\/v2\/posts"}],"about":[{"href":"https:\/\/interflatdesign.pl\/index.php\/wp-json\/wp\/v2\/types\/post"}],"author":[{"embeddable":true,"href":"https:\/\/interflatdesign.pl\/index.php\/wp-json\/wp\/v2\/users\/1"}],"replies":[{"embeddable":true,"href":"https:\/\/interflatdesign.pl\/index.php\/wp-json\/wp\/v2\/comments?post=299"}],"version-history":[{"count":1,"href":"https:\/\/interflatdesign.pl\/index.php\/wp-json\/wp\/v2\/posts\/299\/revisions"}],"predecessor-version":[{"id":301,"href":"https:\/\/interflatdesign.pl\/index.php\/wp-json\/wp\/v2\/posts\/299\/revisions\/301"}],"wp:featuredmedia":[{"embeddable":true,"href":"https:\/\/interflatdesign.pl\/index.php\/wp-json\/wp\/v2\/media\/300"}],"wp:attachment":[{"href":"https:\/\/interflatdesign.pl\/index.php\/wp-json\/wp\/v2\/media?parent=299"}],"wp:term":[{"taxonomy":"category","embeddable":true,"href":"https:\/\/interflatdesign.pl\/index.php\/wp-json\/wp\/v2\/categories?post=299"},{"taxonomy":"post_tag","embeddable":true,"href":"https:\/\/interflatdesign.pl\/index.php\/wp-json\/wp\/v2\/tags?post=299"}],"curies":[{"name":"wp","href":"https:\/\/api.w.org\/{rel}","templated":true}]}}