{"id":305,"date":"2020-11-09T15:45:46","date_gmt":"2020-11-09T15:45:46","guid":{"rendered":"http:\/\/interflatdesign.pl\/?p=305"},"modified":"2020-11-09T15:46:15","modified_gmt":"2020-11-09T15:46:15","slug":"co-warto-wiedziec-o-jesiennych-nawozach-do-ogrodu","status":"publish","type":"post","link":"https:\/\/interflatdesign.pl\/index.php\/2020\/11\/09\/co-warto-wiedziec-o-jesiennych-nawozach-do-ogrodu\/","title":{"rendered":"Co warto wiedzie\u0107 o jesiennych nawozach do ogrodu?"},"content":{"rendered":"\n<p>Je\u017celi zale\u017cy nam na \u0142adnym wygl\u0105dzie ro\u015blin wiosn\u0105 oraz ich obfitym kwitnieniu, a tak\u017ce plonowaniu, ju\u017c jesieni\u0105 nale\u017cy pomy\u015ble\u0107 o odpowiednim nawo\u017ceniu naszych ro\u015blin. Specjalistyczne nawozy jesienne do ogrodu pomog\u0105 przygotowa\u0107 si\u0119 im do okresu zimy oraz pi\u0119knie wyrosn\u0105\u0107 w okresie wiosennym. Nale\u017cy na uwadze mie\u0107 jednak fakt, \u017ce inne preparaty stosujemy wiosn\u0105 i latem, a inne jesieni\u0105.<\/p>\n\n\n\n<!--more-->\n\n\n\n<h2 class=\"wp-block-heading\">Jakie nawozy powinni\u015bmy stosowa\u0107 w okresie jesiennym?<\/h2>\n\n\n\n<p>Okres jesieni powoduje, \u017ce ro\u015bliny, kt\u00f3re pozostaj\u0105 w ogrodzie na zim\u0119, przechodz\u0105 w stan spoczynku. W tym czasie ich p\u0119dy drewniej\u0105, bulwy zaczynaj\u0105 gromadzi\u0107 sk\u0142adniki od\u017cywcze, a li\u015bcie zmieniaj\u0105 barw\u0119 i opadaj\u0105. Pozornie wydaje si\u0119, \u017ce jest to moment, w kt\u00f3rym ro\u015bliny nie potrzebuj\u0105 naszej opieki i piel\u0119gnacji. Nic bardziej mylnego. Nawozy ogrodnicze, kt\u00f3re zastosujemy jesieni\u0105, dostarcz\u0105 naszym ro\u015blinom niezb\u0119dnych sk\u0142adnik\u00f3w od\u017cywczych oraz dodatkowo pomog\u0105 ro\u015blinie si\u0119 wzmocni\u0107, aby lepiej mog\u0142a ona przetrwa\u0107 ci\u0119\u017cki okres zimy.<\/p>\n\n\n\n<p>Pami\u0119tajmy jednak, \u017ce tak jak ka\u017cdy inny preparat, tak samo nawozy jesienne do ogrodu ze sklepu <a href=\"https:\/\/ogrodniczy.com\/nawozy-ogrodowe\">ogrodniczy.com<\/a> stosowane jesieni\u0105 musz\u0105 by\u0107 odpowiednio dobrane. Co najwa\u017cniejsze, nie mog\u0105 one posiada\u0107 w sk\u0142adzie azotu nawet w najmniejszej ilo\u015bci. Wszystko za spraw\u0105 tego, \u017ce azot odpowiada za wzrost ro\u015blin oraz rozw\u00f3j cz\u0119\u015bci zielonych. Z tego powodu podany jesieni\u0105 nawet w minimalnej ilo\u015bci pobudzi ro\u015blin\u0119 do wzrostu, a co za tym idzie, nie b\u0119dzie ona mog\u0142a odpowiednio przej\u015b\u0107 w stan spoczynku i w\u0142a\u015bciwie przygotowa\u0107 si\u0119 do zimy. W efekcie mo\u017ce to nawet doprowadzi\u0107 do jej zniszczenia.<\/p>\n","protected":false},"excerpt":{"rendered":"<p>Je\u017celi zale\u017cy nam na \u0142adnym wygl\u0105dzie ro\u015blin wiosn\u0105 oraz ich obfitym kwitnieniu, a tak\u017ce plonowaniu, ju\u017c jesieni\u0105 nale\u017cy pomy\u015ble\u0107 o odpowiednim nawo\u017ceniu naszych ro\u015blin. Specjalistyczne nawozy jesienne do ogrodu pomog\u0105 przygotowa\u0107 si\u0119 im do okresu zimy oraz pi\u0119knie wyrosn\u0105\u0107 w okresie wiosennym. Nale\u017cy na uwadze mie\u0107 jednak fakt, \u017ce inne preparaty stosujemy wiosn\u0105 i latem, [&hellip;]<\/p>\n","protected":false},"author":1,"featured_media":307,"comment_status":"closed","ping_status":"closed","sticky":false,"template":"","format":"standard","meta":{"zakra_page_container_layout":"customizer","zakra_page_sidebar_layout":"customizer","zakra_remove_content_margin":false,"zakra_sidebar":"customizer","zakra_transparent_header":"customizer","zakra_logo":0,"zakra_main_header_style":"default","zakra_menu_item_color":"","zakra_menu_item_hover_color":"","zakra_menu_item_active_color":"","zakra_menu_active_style":"","zakra_page_header":true,"footnotes":""},"categories":[4],"tags":[],"class_list":["post-305","post","type-post","status-publish","format-standard","has-post-thumbnail","hentry","category-do-ogrodu"],"_links":{"self":[{"href":"https:\/\/interflatdesign.pl\/index.php\/wp-json\/wp\/v2\/posts\/305","targetHints":{"allow":["GET"]}}],"collection":[{"href":"https:\/\/interflatdesign.pl\/index.php\/wp-json\/wp\/v2\/posts"}],"about":[{"href":"https:\/\/interflatdesign.pl\/index.php\/wp-json\/wp\/v2\/types\/post"}],"author":[{"embeddable":true,"href":"https:\/\/interflatdesign.pl\/index.php\/wp-json\/wp\/v2\/users\/1"}],"replies":[{"embeddable":true,"href":"https:\/\/interflatdesign.pl\/index.php\/wp-json\/wp\/v2\/comments?post=305"}],"version-history":[{"count":1,"href":"https:\/\/interflatdesign.pl\/index.php\/wp-json\/wp\/v2\/posts\/305\/revisions"}],"predecessor-version":[{"id":306,"href":"https:\/\/interflatdesign.pl\/index.php\/wp-json\/wp\/v2\/posts\/305\/revisions\/306"}],"wp:featuredmedia":[{"embeddable":true,"href":"https:\/\/interflatdesign.pl\/index.php\/wp-json\/wp\/v2\/media\/307"}],"wp:attachment":[{"href":"https:\/\/interflatdesign.pl\/index.php\/wp-json\/wp\/v2\/media?parent=305"}],"wp:term":[{"taxonomy":"category","embeddable":true,"href":"https:\/\/interflatdesign.pl\/index.php\/wp-json\/wp\/v2\/categories?post=305"},{"taxonomy":"post_tag","embeddable":true,"href":"https:\/\/interflatdesign.pl\/index.php\/wp-json\/wp\/v2\/tags?post=305"}],"curies":[{"name":"wp","href":"https:\/\/api.w.org\/{rel}","templated":true}]}}