{"id":321,"date":"2020-11-22T15:43:00","date_gmt":"2020-11-22T15:43:00","guid":{"rendered":"http:\/\/interflatdesign.pl\/?p=321"},"modified":"2020-11-25T15:44:32","modified_gmt":"2020-11-25T15:44:32","slug":"szafka-nocna-idealny-dodatek-nie-tylko-do-sypialni","status":"publish","type":"post","link":"https:\/\/interflatdesign.pl\/index.php\/2020\/11\/22\/szafka-nocna-idealny-dodatek-nie-tylko-do-sypialni\/","title":{"rendered":"Szafka nocna: idealny dodatek nie tylko do sypialni"},"content":{"rendered":"\n<p>Trudno wyobrazi\u0107 sobie praktycznie urz\u0105dzon\u0105 sypialni\u0119 bez szafki nocnej. Wielu z nas zapomina jednak, i\u017c taki mebel mo\u017ce si\u0119 okaza\u0107 \u015bwietnym wsparciem i w innych wn\u0119trzach.<\/p>\n\n\n\n<h2 class=\"wp-block-heading\">W jakich wn\u0119trzach mo\u017cna skorzysta\u0107 z szafki nocnej?<\/h2>\n\n\n\n<p>Gdzie mo\u017cna skorzysta\u0107 z szafki nocnej? Sypialnia to podstawa, na tym jednak mo\u017cliwo\u015bci wykorzystania tego mebla si\u0119 nie ko\u0144cz\u0105. \u015awietnie sprawdzi si\u0119 ona w takich wn\u0119trzach, jak:<\/p>\n\n\n\n<ul class=\"wp-block-list\"><li>pok\u00f3j dzienny,<\/li><li>salon,<\/li><li>pok\u00f3j dla dziecka.<\/li><\/ul>\n\n\n\n<h2 class=\"wp-block-heading\">Szafka nocna w pokoju dziennym<\/h2>\n\n\n\n<p>Cho\u0107 tanie szafki nocne do sypialni to najbardziej popularne rozwi\u0105zanie, w wielu domach mo\u017cna ujrze\u0107 taki mebel w pokoju dziennym. Nie powinno to dziwi\u0107, gdy\u017c wn\u0119trze takie zwykle sprawdza si\u0119 i jako pok\u00f3j godzinny, i jako miejsce do spania. Tanie szafki nocne stoj\u0105ce tu w pobli\u017cu rog\u00f3wki lub kanapy, nie powinny zatem dziwi\u0107.<\/p>\n\n\n\n<h2 class=\"wp-block-heading\">Salon &#8211; wielofunkcyjne wn\u0119trze<\/h2>\n\n\n\n<p>Salon to wn\u0119trze reprezentacyjne, maj\u0105ce s\u0142u\u017cy\u0107 jako miejsce wypoczynku dla ca\u0142ej rodziny. Bywa jednak i tak, \u017ce salon zmienia si\u0119 w sypialni\u0119, a w takiej sytuacji praktyczna szafka nocna staje si\u0119 bardzo wa\u017cnym meblem. Mo\u017cna z niej te\u017c korzysta\u0107 na co dzie\u0144, traktuj\u0105c j\u0105 jako dodatkowy schowek na r\u00f3\u017cne drobiazgi lub miejsce do ustawienia lampki bocznej. Mo\u017cliwo\u015bci wykorzystania taniego mebla jest sporo, a \u017ce wyb\u00f3r szafek jest szeroki, nawet do najmodniejszego i najbardziej eleganckiego salonu znajdzie si\u0119 wiele ciekawych rozwi\u0105za\u0144.<\/p>\n\n\n\n<h2 class=\"wp-block-heading\">Szafka nocna w pokoju dziecka<\/h2>\n\n\n\n<p>Pok\u00f3j dziecka to chyba najbardziej uniwersalne wn\u0119trze w ka\u017cdym domu. To miejsce do zabawy i nauki, to r\u00f3wnie\u017c sypialnia. W cz\u0119\u015bci pokoju przeznaczonej jako miejsce do spania, podstaw\u0105 s\u0105 wygodne \u0142\u00f3\u017cka pojawiaj\u0105ce si\u0119 w s\u0105siedztwie tak wa\u017cnych mebli, jak <a href=\"https:\/\/birdmeble.pl\/meble-twarde\/szafki-nocne\">szafki nocne Tanio<\/a> mo\u017cna kupi\u0107 wiele ciekawych szafek, kt\u00f3re \u015bwietnie sprawdz\u0105 si\u0119 w pokoju malucha jako miejsce na niezb\u0119dne drobiazgi oraz lampk\u0119 nocn\u0105.<\/p>\n","protected":false},"excerpt":{"rendered":"<p>Trudno wyobrazi\u0107 sobie praktycznie urz\u0105dzon\u0105 sypialni\u0119 bez szafki nocnej. Wielu z nas zapomina jednak, i\u017c taki mebel mo\u017ce si\u0119 okaza\u0107 \u015bwietnym wsparciem i w innych wn\u0119trzach. W jakich wn\u0119trzach mo\u017cna skorzysta\u0107 z szafki nocnej? Gdzie mo\u017cna skorzysta\u0107 z szafki nocnej? Sypialnia to podstawa, na tym jednak mo\u017cliwo\u015bci wykorzystania tego mebla si\u0119 nie ko\u0144cz\u0105. \u015awietnie sprawdzi [&hellip;]<\/p>\n","protected":false},"author":1,"featured_media":0,"comment_status":"closed","ping_status":"closed","sticky":false,"template":"","format":"standard","meta":{"zakra_page_container_layout":"customizer","zakra_page_sidebar_layout":"customizer","zakra_remove_content_margin":false,"zakra_sidebar":"customizer","zakra_transparent_header":"customizer","zakra_logo":0,"zakra_main_header_style":"default","zakra_menu_item_color":"","zakra_menu_item_hover_color":"","zakra_menu_item_active_color":"","zakra_menu_active_style":"","zakra_page_header":true,"footnotes":""},"categories":[13],"tags":[],"class_list":["post-321","post","type-post","status-publish","format-standard","hentry","category-do-sypialni"],"_links":{"self":[{"href":"https:\/\/interflatdesign.pl\/index.php\/wp-json\/wp\/v2\/posts\/321","targetHints":{"allow":["GET"]}}],"collection":[{"href":"https:\/\/interflatdesign.pl\/index.php\/wp-json\/wp\/v2\/posts"}],"about":[{"href":"https:\/\/interflatdesign.pl\/index.php\/wp-json\/wp\/v2\/types\/post"}],"author":[{"embeddable":true,"href":"https:\/\/interflatdesign.pl\/index.php\/wp-json\/wp\/v2\/users\/1"}],"replies":[{"embeddable":true,"href":"https:\/\/interflatdesign.pl\/index.php\/wp-json\/wp\/v2\/comments?post=321"}],"version-history":[{"count":1,"href":"https:\/\/interflatdesign.pl\/index.php\/wp-json\/wp\/v2\/posts\/321\/revisions"}],"predecessor-version":[{"id":322,"href":"https:\/\/interflatdesign.pl\/index.php\/wp-json\/wp\/v2\/posts\/321\/revisions\/322"}],"wp:attachment":[{"href":"https:\/\/interflatdesign.pl\/index.php\/wp-json\/wp\/v2\/media?parent=321"}],"wp:term":[{"taxonomy":"category","embeddable":true,"href":"https:\/\/interflatdesign.pl\/index.php\/wp-json\/wp\/v2\/categories?post=321"},{"taxonomy":"post_tag","embeddable":true,"href":"https:\/\/interflatdesign.pl\/index.php\/wp-json\/wp\/v2\/tags?post=321"}],"curies":[{"name":"wp","href":"https:\/\/api.w.org\/{rel}","templated":true}]}}