{"id":327,"date":"2020-11-24T08:52:00","date_gmt":"2020-11-24T08:52:00","guid":{"rendered":"http:\/\/interflatdesign.pl\/?p=327"},"modified":"2020-12-07T08:54:02","modified_gmt":"2020-12-07T08:54:02","slug":"dlaczego-rekomendowane-jest-postawienie-na-swiatla-ledowe","status":"publish","type":"post","link":"https:\/\/interflatdesign.pl\/index.php\/2020\/11\/24\/dlaczego-rekomendowane-jest-postawienie-na-swiatla-ledowe\/","title":{"rendered":"Dlaczego rekomendowane jest postawienie na \u015bwiat\u0142a ledowe?"},"content":{"rendered":"\n<p>Mo\u017cna zaobserwowa\u0107, \u017ce \u015bwiat\u0142a ledowe z roku na rok ciesz\u0105 si\u0119 coraz wi\u0119kszym zainteresowaniem nie tylko w\u015br\u00f3d przedsi\u0119biorc\u00f3w, ale r\u00f3wnie\u017c indywidualnych u\u017cytkownik\u00f3w. Godny uwagi jest fakt, \u017ce nie wszyscy jeszcze przekonali si\u0119 do wspomnianego rozwi\u0105zania i ca\u0142y czas zastanawiaj\u0105 si\u0119 dlaczego warto zamieni\u0107 tradycyjne \u017car\u00f3wki na ledowe.<\/p>\n\n\n\n<h2 class=\"wp-block-heading\">Czy \u015bwiat\u0142a ledowe s\u0105 tylko chwilow\u0105 ekologiczn\u0105 mod\u0105?<\/h2>\n\n\n\n<p>Koniecznie trzeba zdawa\u0107 sobie spraw\u0119, \u017ce bardzo du\u017cej liczbie os\u00f3b wydaje si\u0119, \u017ce obecnie panuje moda na \u017car\u00f3wki ledowe. Nic bardziej mylnego. Omawiane rozwi\u0105zanie nie ma bowiem praktycznie nic wsp\u00f3lnego z mod\u0105. Diody pozwalaj\u0105 u\u017cytkownikom na zaoszcz\u0119dzenie pieni\u0119dzy. Oczywi\u015bcie \u017car\u00f3wki ledowe s\u0105 znacznie dro\u017csze od tradycyjnych czy halogenowych, jednak w d\u0142u\u017cszej perspektywie jest to ta\u0144sza opcja. Godny uwagi jest fakt, \u017ce \u015bwiat\u0142a ledowe z <a href=\"https:\/\/candellux.com.pl\/pl\/menu\/lampy-led-219.html\">candellux.com.pl<\/a> s\u0105 w stanie dzia\u0142a\u0107 nawet przez 50 tysi\u0119cy godzin, czyli 50 razy wi\u0119cej w por\u00f3wnaniu do tradycyjnych \u017car\u00f3wek.<\/p>\n\n\n\n<h2 class=\"wp-block-heading\">Czy warto wymieni\u0107 tradycyjne \u017car\u00f3wki na LEDy?<\/h2>\n\n\n\n<p>Warto wiedzie\u0107, \u017ce wymienienie \u017car\u00f3wek tradycyjnych na ledowe sprawi, \u017ce u\u017cytkownik b\u0119dzie m\u00f3g\u0142 cieszy\u0107 si\u0119 z oszcz\u0119dzania ju\u017c od pierwszego dnia. Koniecznie trzeba zdawa\u0107 sobie spraw\u0119, \u017ce tradycyjne \u017car\u00f3wki 25W \u015bwiec\u0105c przez godzin\u0119 b\u0119d\u0105 pobiera\u0142y 0,025 kW. Z kolei pob\u00f3r mocy 3W \u017car\u00f3wki ledowej wyniesie tylko 0,003 kWh. Na pierwszy rzut oka mog\u0105 to si\u0119 wydawa\u0107 bardzo ma\u0142e liczby.<\/p>\n\n\n\n<h2 class=\"wp-block-heading\">Jakie jeszcze zalety maj\u0105 diody LED?<\/h2>\n\n\n\n<p>Nale\u017cy mie\u0107 \u015bwiadomo\u015b\u0107, \u017ce jednym z najcz\u0119\u015bciej wymienianych atut\u00f3w omawianego rozwi\u0105zania jest fakt, \u017ce \u017car\u00f3wki ledowe nie b\u0119d\u0105 si\u0119 nagrzewa\u0142y tak, jak tradycyjne. Ich efektywno\u015b\u0107 jest bowiem znacznie wi\u0119ksza ni\u017c \u017ar\u00f3d\u0142o \u015bwiat\u0142a z \u017carnikiem wolframowym. Jak wiadomo tradycyjne \u017car\u00f3wki po 30 minutach dzia\u0142ania staj\u0105 si\u0119 gor\u0105ce. Nikogo nie powinien dziwi\u0107 ten fakt, poniewa\u017c ogromna ilo\u015b\u0107 energii jest marnowana na wydzielanie ciep\u0142a.<\/p>\n\n\n\n<p>Z kolei omawian\u0105 \u017car\u00f3wk\u0119 led u\u017cytkownik mo\u017ce bez \u017cadnego problemu nie tylko i wy\u0142\u0105cznie dotkn\u0105\u0107, ale r\u00f3wnie\u017c trzyma\u0107 w r\u0119ku. Koniecznie trzeba zdawa\u0107 sobie spraw\u0119, \u017ce diody led nie b\u0119d\u0105 traci\u0142y tak du\u017co energii na wytwarzanie ciep\u0142a.<\/p>\n\n\n\n<p>Nie mo\u017cna oczywi\u015bcie zapomnie\u0107, \u017ce \u015bwiat\u0142a ledowe nie b\u0119d\u0105 emitowa\u0142y bardzo szkodliwego promieniowania UV. Godny uwagi jest r\u00f3wnie\u017c fakt, ze wspomniane \u017car\u00f3wki ledowe s\u0105 w stanie osi\u0105gn\u0105\u0107 maksymaln\u0105 jasno\u015b\u0107 ju\u017c po zaledwie kilku mikrosekundach od momentu w\u0142\u0105czenia. Z kolei tradycyjne \u015bwietl\u00f3wki mog\u0105 roz\u015bwietla\u0107 si\u0119 nawet przez kilka minut. Oczywi\u015bcie czas ten b\u0119dzie si\u0119 wyd\u0142u\u017ca\u0142 wraz z d\u0142ugo\u015bci\u0105 eksploatacji tego produktu.<\/p>\n","protected":false},"excerpt":{"rendered":"<p>Mo\u017cna zaobserwowa\u0107, \u017ce \u015bwiat\u0142a ledowe z roku na rok ciesz\u0105 si\u0119 coraz wi\u0119kszym zainteresowaniem nie tylko w\u015br\u00f3d przedsi\u0119biorc\u00f3w, ale r\u00f3wnie\u017c indywidualnych u\u017cytkownik\u00f3w. Godny uwagi jest fakt, \u017ce nie wszyscy jeszcze przekonali si\u0119 do wspomnianego rozwi\u0105zania i ca\u0142y czas zastanawiaj\u0105 si\u0119 dlaczego warto zamieni\u0107 tradycyjne \u017car\u00f3wki na ledowe. Czy \u015bwiat\u0142a ledowe s\u0105 tylko chwilow\u0105 ekologiczn\u0105 mod\u0105? [&hellip;]<\/p>\n","protected":false},"author":1,"featured_media":328,"comment_status":"closed","ping_status":"closed","sticky":false,"template":"","format":"standard","meta":{"zakra_page_container_layout":"customizer","zakra_page_sidebar_layout":"customizer","zakra_remove_content_margin":false,"zakra_sidebar":"customizer","zakra_transparent_header":"customizer","zakra_logo":0,"zakra_main_header_style":"default","zakra_menu_item_color":"","zakra_menu_item_hover_color":"","zakra_menu_item_active_color":"","zakra_menu_active_style":"","zakra_page_header":true,"footnotes":""},"categories":[12],"tags":[],"class_list":["post-327","post","type-post","status-publish","format-standard","has-post-thumbnail","hentry","category-oswietlenie"],"_links":{"self":[{"href":"https:\/\/interflatdesign.pl\/index.php\/wp-json\/wp\/v2\/posts\/327","targetHints":{"allow":["GET"]}}],"collection":[{"href":"https:\/\/interflatdesign.pl\/index.php\/wp-json\/wp\/v2\/posts"}],"about":[{"href":"https:\/\/interflatdesign.pl\/index.php\/wp-json\/wp\/v2\/types\/post"}],"author":[{"embeddable":true,"href":"https:\/\/interflatdesign.pl\/index.php\/wp-json\/wp\/v2\/users\/1"}],"replies":[{"embeddable":true,"href":"https:\/\/interflatdesign.pl\/index.php\/wp-json\/wp\/v2\/comments?post=327"}],"version-history":[{"count":1,"href":"https:\/\/interflatdesign.pl\/index.php\/wp-json\/wp\/v2\/posts\/327\/revisions"}],"predecessor-version":[{"id":329,"href":"https:\/\/interflatdesign.pl\/index.php\/wp-json\/wp\/v2\/posts\/327\/revisions\/329"}],"wp:featuredmedia":[{"embeddable":true,"href":"https:\/\/interflatdesign.pl\/index.php\/wp-json\/wp\/v2\/media\/328"}],"wp:attachment":[{"href":"https:\/\/interflatdesign.pl\/index.php\/wp-json\/wp\/v2\/media?parent=327"}],"wp:term":[{"taxonomy":"category","embeddable":true,"href":"https:\/\/interflatdesign.pl\/index.php\/wp-json\/wp\/v2\/categories?post=327"},{"taxonomy":"post_tag","embeddable":true,"href":"https:\/\/interflatdesign.pl\/index.php\/wp-json\/wp\/v2\/tags?post=327"}],"curies":[{"name":"wp","href":"https:\/\/api.w.org\/{rel}","templated":true}]}}