{"id":335,"date":"2020-12-04T14:10:00","date_gmt":"2020-12-04T14:10:00","guid":{"rendered":"http:\/\/interflatdesign.pl\/?p=335"},"modified":"2020-12-22T14:13:56","modified_gmt":"2020-12-22T14:13:56","slug":"jakie-kwestie-nalezy-uwzglednic-przy-wyborze-lozka-dla-malego-dziecka","status":"publish","type":"post","link":"https:\/\/interflatdesign.pl\/index.php\/2020\/12\/04\/jakie-kwestie-nalezy-uwzglednic-przy-wyborze-lozka-dla-malego-dziecka\/","title":{"rendered":"Jakie kwestie nale\u017cy uwzgl\u0119dni\u0107 przy wyborze \u0142\u00f3\u017cka dla ma\u0142ego dziecka?"},"content":{"rendered":"\n<p>Koniecznie trzeba zdawa\u0107 sobie spraw\u0119, \u017ce obecnie wybranie \u0142\u00f3\u017cka dla dziecka nie jest tak trudnym zadaniem, jak mog\u0142oby si\u0119 wydawa\u0107. Nale\u017cy bowiem wzi\u0105\u0107 pod uwag\u0119 najbardziej istotne czynniki przed podj\u0119ciem decyzji o zakupie omawianego mebla. Dlaczego \u0142\u00f3\u017cko rozk\u0142adane dla dzieci z roku na rok cieszy si\u0119 coraz wi\u0119ksz\u0105 popularno\u015bci\u0105?<\/p>\n\n\n\n<h2 class=\"wp-block-heading\">Optymalne \u0142\u00f3\u017cko rozk\u0142adane dla dziecka w wieku od 3 do 4 lat<\/h2>\n\n\n\n<p>Nale\u017cy mie\u0107 \u015bwiadomo\u015b\u0107, \u017ce ma\u0142e \u0142\u00f3\u017ceczko nie b\u0119dzie mia\u0142o ju\u017c \u017cadnego zastosowania w momencie, gdy dziecko sko\u0144czy 3 lata. Rekomendowane jest postawienie na model o wymiarach 160&#215;80 cm. Rodzice musz\u0105 oczywi\u015bcie uwzgl\u0119dni\u0107 bardzo istotny fakt, \u017ce dzieci w omawianym wieku posiadaj\u0105 praktycznie nieko\u0144cz\u0105ce si\u0119 pok\u0142ady energii. Godny uwagi jest r\u00f3wnie\u017c fakt, \u017ce pociechy mog\u0105 by\u0107 bardzo ciekawe otaczaj\u0105cego \u015bwiata. Oznacza to, \u017ce mog\u0105 by\u0107 nara\u017cone na r\u00f3\u017cnego rodzaju upadki. Mebel musi by\u0107 zatem nie tylko i wy\u0142\u0105cznie stabilny, ale r\u00f3wnie\u017c bezpieczny. Rekomendowane jest postawienie na modele wykonane z p\u0142yty laminowanej lub drewna.<\/p>\n\n\n\n<h2 class=\"wp-block-heading\">Solidne \u0142\u00f3\u017cko dzieci\u0119ce rozk\u0142adane dla sze\u015bciolatka<\/h2>\n\n\n\n<p>Koniecznie trzeba zdawa\u0107 sobie spraw\u0119, \u017ce wymagania zwi\u0105zane z \u0142\u00f3\u017ckiem ulegn\u0105 drastycznej zmianie w momencie, gdy pociecha b\u0119dzie wybiera\u0142a si\u0119 do przedszkola. Godny uwagi jest fakt, \u017ce maluchy w tym wieku bardzo cz\u0119sto chc\u0105 by\u0107 samodzielne. Warto w pierwszej kolejno\u015bci bardzo dok\u0142adnie zwr\u00f3ci\u0107 uwag\u0119 na wymiary mebla. Optymalna wielko\u015b\u0107 powinna bowiem wynosi\u0107 190 \u00d7 80 cm. Rodzice, kt\u00f3rzy chcieliby jednak, aby mebel pos\u0142u\u017cy\u0142 dziecku zdecydowanie d\u0142u\u017cej, mog\u0105 zaopatrzy\u0107 si\u0119 w wi\u0119ksze \u0142\u00f3\u017cko.<\/p>\n\n\n\n<p>Nale\u017cy r\u00f3wnie\u017c zaznaczy\u0107, \u017ce wspomniane \u0142\u00f3\u017cko nie b\u0119dzie ju\u017c dla dziecka tylko i wy\u0142\u0105cznie stref\u0105 przeznaczon\u0105 do zabawy i snu &#8211; <a href=\"https:\/\/birdmeble.pl\/lozka\/dla-dzieci\">www<\/a>. Dzieci bowiem bardzo cz\u0119sto ucz\u0105 si\u0119 w \u0142\u00f3\u017cku. Warto zatem zaopatrzy\u0107 mebel w wyprofilowany zag\u0142\u00f3wek.<\/p>\n","protected":false},"excerpt":{"rendered":"<p>Koniecznie trzeba zdawa\u0107 sobie spraw\u0119, \u017ce obecnie wybranie \u0142\u00f3\u017cka dla dziecka nie jest tak trudnym zadaniem, jak mog\u0142oby si\u0119 wydawa\u0107. Nale\u017cy bowiem wzi\u0105\u0107 pod uwag\u0119 najbardziej istotne czynniki przed podj\u0119ciem decyzji o zakupie omawianego mebla. Dlaczego \u0142\u00f3\u017cko rozk\u0142adane dla dzieci z roku na rok cieszy si\u0119 coraz wi\u0119ksz\u0105 popularno\u015bci\u0105? Optymalne \u0142\u00f3\u017cko rozk\u0142adane dla dziecka w [&hellip;]<\/p>\n","protected":false},"author":1,"featured_media":0,"comment_status":"closed","ping_status":"closed","sticky":false,"template":"","format":"standard","meta":{"zakra_page_container_layout":"customizer","zakra_page_sidebar_layout":"customizer","zakra_remove_content_margin":false,"zakra_sidebar":"customizer","zakra_transparent_header":"customizer","zakra_logo":0,"zakra_main_header_style":"default","zakra_menu_item_color":"","zakra_menu_item_hover_color":"","zakra_menu_item_active_color":"","zakra_menu_active_style":"","zakra_page_header":true,"footnotes":""},"categories":[13],"tags":[],"class_list":["post-335","post","type-post","status-publish","format-standard","hentry","category-do-sypialni"],"_links":{"self":[{"href":"https:\/\/interflatdesign.pl\/index.php\/wp-json\/wp\/v2\/posts\/335","targetHints":{"allow":["GET"]}}],"collection":[{"href":"https:\/\/interflatdesign.pl\/index.php\/wp-json\/wp\/v2\/posts"}],"about":[{"href":"https:\/\/interflatdesign.pl\/index.php\/wp-json\/wp\/v2\/types\/post"}],"author":[{"embeddable":true,"href":"https:\/\/interflatdesign.pl\/index.php\/wp-json\/wp\/v2\/users\/1"}],"replies":[{"embeddable":true,"href":"https:\/\/interflatdesign.pl\/index.php\/wp-json\/wp\/v2\/comments?post=335"}],"version-history":[{"count":1,"href":"https:\/\/interflatdesign.pl\/index.php\/wp-json\/wp\/v2\/posts\/335\/revisions"}],"predecessor-version":[{"id":336,"href":"https:\/\/interflatdesign.pl\/index.php\/wp-json\/wp\/v2\/posts\/335\/revisions\/336"}],"wp:attachment":[{"href":"https:\/\/interflatdesign.pl\/index.php\/wp-json\/wp\/v2\/media?parent=335"}],"wp:term":[{"taxonomy":"category","embeddable":true,"href":"https:\/\/interflatdesign.pl\/index.php\/wp-json\/wp\/v2\/categories?post=335"},{"taxonomy":"post_tag","embeddable":true,"href":"https:\/\/interflatdesign.pl\/index.php\/wp-json\/wp\/v2\/tags?post=335"}],"curies":[{"name":"wp","href":"https:\/\/api.w.org\/{rel}","templated":true}]}}