{"id":42,"date":"2019-08-06T07:12:49","date_gmt":"2019-08-06T07:12:49","guid":{"rendered":"http:\/\/interflatdesign.pl\/?p=42"},"modified":"2019-08-19T07:15:38","modified_gmt":"2019-08-19T07:15:38","slug":"czym-kierowac-sie-przy-wyborze-plytek","status":"publish","type":"post","link":"https:\/\/interflatdesign.pl\/index.php\/2019\/08\/06\/czym-kierowac-sie-przy-wyborze-plytek\/","title":{"rendered":"Czym kierowa\u0107 si\u0119 przy wyborze p\u0142ytek?"},"content":{"rendered":"\n<p>P\u0142ytki ceramiczne s\u0105 bardzo mile widziane zar\u00f3wno w \u0142azienkach, jak i kuchniach. Obecnie wyk\u0142ada si\u0119 nimi tak\u017ce \u015bciany i pod\u0142ogi innych pomieszcze\u0144 typu korytarz czy salon. Tym bardziej, \u017ce obecnie mo\u017cna liczy\u0107 na szeroki wachlarz wyboru, dzi\u0119ki kt\u00f3remu ka\u017cdy znajdzie dla siebie co\u015b odpowiedniego. Wygl\u0105d p\u0142ytek to jedno, ale bardzo wa\u017cne s\u0105 tak\u017ce ich parametry i w\u0142a\u015bciwo\u015bci techniczne. Zanim zdecydujemy si\u0119 na konkretne rozwi\u0105zanie, nale\u017cy dobrze przeanalizowa\u0107 sw\u00f3j wyb\u00f3r. <\/p>\n\n\n\n<h2 class=\"wp-block-heading\">P\u0142ytki vives \u2013 co ma najwi\u0119ksze znaczenie przy ich wyborze?<\/h2>\n\n\n\n<p>Kolor, wz\u00f3r i <a href=\"https:\/\/www.banyo.pl\/pl\/producers\/vives-1299680581.html\">cena p\u0142ytek vives w Banyo<\/a> s\u0105 wa\u017cne, ale znacznie wa\u017cniejsze s\u0105 ich parametry. Dob\u00f3r p\u0142ytek do pomieszczenia uzale\u017cniony jest od tego, w jaki spos\u00f3b jest ono u\u017cytkowane. Inny rodzaj p\u0142ytek sprawdzi si\u0119 do kuchni, \u0142azienki czy salonu, co nale\u017cy mie\u0107 na uwadze przy ich wyborze. Bardzo wa\u017cnym parametrem jest z pewno\u015bci\u0105 nasi\u0105kliwo\u015b\u0107 wodna p\u0142ytek. Dotyczy on tak\u017ce stopnia mrozoodporno\u015bci p\u0142ytek. Kolejn\u0105 kwestia jest odporno\u015b\u0107 na plamienie, je\u015bli decydujemy si\u0119 na zakup p\u0142ytek szkliwionych. Zasada jest taka, \u017ce im wy\u017csza klasa, tym p\u0142ytki s\u0105 bardziej odporne i mo\u017cna usun\u0105\u0107 z ich powierzchni nawet mocne zabrudzenia. <\/p>\n\n\n\n<h2 class=\"wp-block-heading\">Jakie jeszcze parametry p\u0142ytek s\u0105 istotne? <\/h2>\n\n\n\n<p>Wybieraj\u0105c p\u0142ytki do kuchni i \u0142azienki, nale\u017cy zwr\u00f3ci\u0107 uwag\u0119 na twardo\u015b\u0107 minera\u0142\u00f3w, kt\u00f3ra podawana jest w skali Mohsa. Je\u015bli p\u0142ytka zosta\u0142a wykonana z minera\u0142\u00f3w o twardo\u015bci od 1 do 2, to niestety b\u0119dzie bardzo podatna na zarysowania. Do domowego u\u017cytku wystarcz\u0105 p\u0142ytki o twardo\u015bci 5 czy 6. Powierzchnia takiej p\u0142ytki mo\u017ce zosta\u0107 zarysowana dopiero ostrzem stalowym. Do gara\u017cu lepiej jest kupi\u0107 te o wi\u0119kszej twardo\u015bci, czyli ze skal\u0105 o warto\u015bci 7 czy 8.<\/p>\n","protected":false},"excerpt":{"rendered":"<p>P\u0142ytki ceramiczne s\u0105 bardzo mile widziane zar\u00f3wno w \u0142azienkach, jak i kuchniach. Obecnie wyk\u0142ada si\u0119 nimi tak\u017ce \u015bciany i pod\u0142ogi innych pomieszcze\u0144 typu korytarz czy salon. Tym bardziej, \u017ce obecnie mo\u017cna liczy\u0107 na szeroki wachlarz wyboru, dzi\u0119ki kt\u00f3remu ka\u017cdy znajdzie dla siebie co\u015b odpowiedniego. Wygl\u0105d p\u0142ytek to jedno, ale bardzo wa\u017cne s\u0105 tak\u017ce ich parametry [&hellip;]<\/p>\n","protected":false},"author":1,"featured_media":43,"comment_status":"closed","ping_status":"closed","sticky":false,"template":"","format":"standard","meta":{"zakra_page_container_layout":"customizer","zakra_page_sidebar_layout":"customizer","zakra_remove_content_margin":false,"zakra_sidebar":"customizer","zakra_transparent_header":"customizer","zakra_logo":0,"zakra_main_header_style":"default","zakra_menu_item_color":"","zakra_menu_item_hover_color":"","zakra_menu_item_active_color":"","zakra_menu_active_style":"","zakra_page_header":true,"footnotes":""},"categories":[2],"tags":[],"class_list":["post-42","post","type-post","status-publish","format-standard","has-post-thumbnail","hentry","category-do-lazienki"],"_links":{"self":[{"href":"https:\/\/interflatdesign.pl\/index.php\/wp-json\/wp\/v2\/posts\/42","targetHints":{"allow":["GET"]}}],"collection":[{"href":"https:\/\/interflatdesign.pl\/index.php\/wp-json\/wp\/v2\/posts"}],"about":[{"href":"https:\/\/interflatdesign.pl\/index.php\/wp-json\/wp\/v2\/types\/post"}],"author":[{"embeddable":true,"href":"https:\/\/interflatdesign.pl\/index.php\/wp-json\/wp\/v2\/users\/1"}],"replies":[{"embeddable":true,"href":"https:\/\/interflatdesign.pl\/index.php\/wp-json\/wp\/v2\/comments?post=42"}],"version-history":[{"count":1,"href":"https:\/\/interflatdesign.pl\/index.php\/wp-json\/wp\/v2\/posts\/42\/revisions"}],"predecessor-version":[{"id":44,"href":"https:\/\/interflatdesign.pl\/index.php\/wp-json\/wp\/v2\/posts\/42\/revisions\/44"}],"wp:featuredmedia":[{"embeddable":true,"href":"https:\/\/interflatdesign.pl\/index.php\/wp-json\/wp\/v2\/media\/43"}],"wp:attachment":[{"href":"https:\/\/interflatdesign.pl\/index.php\/wp-json\/wp\/v2\/media?parent=42"}],"wp:term":[{"taxonomy":"category","embeddable":true,"href":"https:\/\/interflatdesign.pl\/index.php\/wp-json\/wp\/v2\/categories?post=42"},{"taxonomy":"post_tag","embeddable":true,"href":"https:\/\/interflatdesign.pl\/index.php\/wp-json\/wp\/v2\/tags?post=42"}],"curies":[{"name":"wp","href":"https:\/\/api.w.org\/{rel}","templated":true}]}}