{"id":484,"date":"2021-08-01T10:34:00","date_gmt":"2021-08-01T10:34:00","guid":{"rendered":"http:\/\/interflatdesign.pl\/?p=484"},"modified":"2021-08-03T10:36:23","modified_gmt":"2021-08-03T10:36:23","slug":"dopasuj-umywalke-do-swojej-kuchni","status":"publish","type":"post","link":"https:\/\/interflatdesign.pl\/index.php\/2021\/08\/01\/dopasuj-umywalke-do-swojej-kuchni\/","title":{"rendered":"Dopasuj umywalk\u0119 do swojej kuchni!"},"content":{"rendered":"\n<p>Wyb\u00f3r umywalki jest niew\u0105tpliwie bardzo istotny. Nie chodzi tylko o dopasowanie jej wzgl\u0119dem pozosta\u0142ych mebli, aby kuchnia wygl\u0105da\u0142a bardzo efektownie, ale r\u00f3wnie\u017c, \u017ceby by\u0142a maksymalnie praktyczna i korzystanie z niej by\u0142o \u0142atwe. Zawczasu dobrym rozwi\u0105zaniem jest wymierzenie odpowiedniej przestrzeni, do kt\u00f3rej chce si\u0119 j\u0105 dopasowa\u0107. Na co trzeba zwraca\u0107 uwag\u0119 przy zakupie umywalki? Postanowili\u015bmy sprawdzi\u0107 to dla was i zach\u0119camy do zapoznania si\u0119 z efektami naszego researchu.<\/p>\n\n\n\n<!--more-->\n\n\n\n<h2 class=\"wp-block-heading\"><strong>Rozmiar umywalki<\/strong><\/h2>\n\n\n\n<p>Ju\u017c we wst\u0119pie napomkn\u0119li\u015bmy na to, \u017ceby zwraca\u0107 szczeg\u00f3ln\u0105 uwag\u0119 na jej rozmiar. Dlatego musisz wiedzie\u0107 jakich rozmiar\u00f3w mo\u017ce by\u0107 umywalka i w tym celu trzeba wymierzy\u0107 przestrze\u0144, w kt\u00f3rym si\u0119 ona znajdzie. <\/p>\n\n\n\n<p>Brak wykonania tej czynno\u015bci mo\u017ce powodowa\u0107 brak komfortu przy korzystaniu z niej, a przecie\u017c takie czynno\u015bci jak zmywanie nie zawsze nale\u017c\u0105 do najprzyjemniejszych, wi\u0119c brak komfortu z powodu braku odpowiedniego dopasowania do przestrzeni sprawi, \u017ce korzystanie z niej b\u0119dzie jeszcze gorsze. Trzeba te\u017c zda\u0107 sobie spraw\u0119 z tego, do czego b\u0119dzie ona s\u0142u\u017cy\u0107. <\/p>\n\n\n\n<p>Je\u017celi tylko i wy\u0142\u0105cznie do mycia r\u0105k, to mo\u017cna kupi\u0107 umywalk\u0119 mniejszych rozmiar\u00f3w, jednak\u017ce do powa\u017cniejszych czynno\u015bci zalecamy wi\u0119ksze i szersze umywalki.<\/p>\n\n\n\n<h2 class=\"wp-block-heading\">Kszta\u0142t umywalki<\/h2>\n\n\n\n<p>Kszta\u0142t niezmiernie wi\u0105\u017ce si\u0119 z rodzajem, ale trzeba zwr\u00f3ci\u0107 uwag\u0119 nie tylko na sam\u0105 konstrukcj\u0119, ale te\u017c na to, jak ona wygl\u0105da. Szczeg\u00f3lnie istotnym aspektem jest to, kto z niej korzysta. <\/p>\n\n\n\n<p>Je\u017celi w domu s\u0105 ma\u0142e dzieci, to polecamy umywalki <a href=\"https:\/\/www.reahurt.pl\/produkty\/2,umywalki\">https:\/\/www.reahurt.pl\/produkty\/2,umywalki<\/a> bez ostrych rog\u00f3w, a i ciekaw\u0105 opcj\u0105 b\u0119dzie kupno umywalki z szafk\u0105, dzi\u0119ki kt\u00f3rej b\u0119dzie mo\u017cna schowa\u0107 niekt\u00f3re drobiazgi, co sprawi, \u017ce b\u0119dzie wi\u0119cej miejsca na rozmieszczenie innych rzeczy. Mo\u017ce si\u0119 okaza\u0107, \u017ce nawet jedna czy dwie p\u00f3\u0142ki b\u0119d\u0105 na wag\u0119 z\u0142ota i od razu zyskamy odrobin\u0119 przestrzeni, kt\u00f3rej tak bardzo potrzebowali\u015bmy.<\/p>\n","protected":false},"excerpt":{"rendered":"<p>Wyb\u00f3r umywalki jest niew\u0105tpliwie bardzo istotny. Nie chodzi tylko o dopasowanie jej wzgl\u0119dem pozosta\u0142ych mebli, aby kuchnia wygl\u0105da\u0142a bardzo efektownie, ale r\u00f3wnie\u017c, \u017ceby by\u0142a maksymalnie praktyczna i korzystanie z niej by\u0142o \u0142atwe. Zawczasu dobrym rozwi\u0105zaniem jest wymierzenie odpowiedniej przestrzeni, do kt\u00f3rej chce si\u0119 j\u0105 dopasowa\u0107. Na co trzeba zwraca\u0107 uwag\u0119 przy zakupie umywalki? Postanowili\u015bmy sprawdzi\u0107 [&hellip;]<\/p>\n","protected":false},"author":1,"featured_media":485,"comment_status":"closed","ping_status":"closed","sticky":false,"template":"","format":"standard","meta":{"zakra_page_container_layout":"customizer","zakra_page_sidebar_layout":"customizer","zakra_remove_content_margin":false,"zakra_sidebar":"customizer","zakra_transparent_header":"customizer","zakra_logo":0,"zakra_main_header_style":"default","zakra_menu_item_color":"","zakra_menu_item_hover_color":"","zakra_menu_item_active_color":"","zakra_menu_active_style":"","zakra_page_header":true,"footnotes":""},"categories":[2],"tags":[],"class_list":["post-484","post","type-post","status-publish","format-standard","has-post-thumbnail","hentry","category-do-lazienki"],"_links":{"self":[{"href":"https:\/\/interflatdesign.pl\/index.php\/wp-json\/wp\/v2\/posts\/484","targetHints":{"allow":["GET"]}}],"collection":[{"href":"https:\/\/interflatdesign.pl\/index.php\/wp-json\/wp\/v2\/posts"}],"about":[{"href":"https:\/\/interflatdesign.pl\/index.php\/wp-json\/wp\/v2\/types\/post"}],"author":[{"embeddable":true,"href":"https:\/\/interflatdesign.pl\/index.php\/wp-json\/wp\/v2\/users\/1"}],"replies":[{"embeddable":true,"href":"https:\/\/interflatdesign.pl\/index.php\/wp-json\/wp\/v2\/comments?post=484"}],"version-history":[{"count":1,"href":"https:\/\/interflatdesign.pl\/index.php\/wp-json\/wp\/v2\/posts\/484\/revisions"}],"predecessor-version":[{"id":486,"href":"https:\/\/interflatdesign.pl\/index.php\/wp-json\/wp\/v2\/posts\/484\/revisions\/486"}],"wp:featuredmedia":[{"embeddable":true,"href":"https:\/\/interflatdesign.pl\/index.php\/wp-json\/wp\/v2\/media\/485"}],"wp:attachment":[{"href":"https:\/\/interflatdesign.pl\/index.php\/wp-json\/wp\/v2\/media?parent=484"}],"wp:term":[{"taxonomy":"category","embeddable":true,"href":"https:\/\/interflatdesign.pl\/index.php\/wp-json\/wp\/v2\/categories?post=484"},{"taxonomy":"post_tag","embeddable":true,"href":"https:\/\/interflatdesign.pl\/index.php\/wp-json\/wp\/v2\/tags?post=484"}],"curies":[{"name":"wp","href":"https:\/\/api.w.org\/{rel}","templated":true}]}}