{"id":633,"date":"2022-02-28T14:00:00","date_gmt":"2022-02-28T14:00:00","guid":{"rendered":"https:\/\/interflatdesign.pl\/?p=633"},"modified":"2022-02-03T13:25:02","modified_gmt":"2022-02-03T13:25:02","slug":"kupujemy-materac","status":"publish","type":"post","link":"https:\/\/interflatdesign.pl\/index.php\/2022\/02\/28\/kupujemy-materac\/","title":{"rendered":"Kupujemy materac"},"content":{"rendered":"\n<!--more-->\n\n\n\n<p>Ka\u017cdy doskonale wie, jak wa\u017cne dla ca\u0142ego dnia jest to, jak przebiegnie noc. Jak bowiem wiadomo, im sen b\u0119dzie lepszy i pozwoli lepiej wypocz\u0105\u0107, tym wi\u0119cej energii b\u0119dzie si\u0119 mia\u0142o przez ca\u0142y dzie\u0144. Jak si\u0119 jednak okazuje zdecydowanie najwa\u017cniejsz\u0105 spraw\u0105, je\u015bli chodzi o jako\u015b\u0107 snu, jest posiadany materac. Jak wybra\u0107 materac do spania, aby by\u0142 on mo\u017cliwie jak najlepszy?<\/p>\n\n\n\n<h2 class=\"wp-block-heading\" id=\"podstawowe-parametry-materaca\">Podstawowe parametry materaca<\/h2>\n\n\n\n<p>Od czego wi\u0119c nale\u017cy rozpocz\u0105\u0107 zadania wybierania takiego elementu wyposa\u017cenia mieszkania jak materac? Zdecydowanie najwa\u017cniejsz\u0105 spraw\u0105 jest w tym wypadku to, jaka b\u0119dzie jego wielko\u015b\u0107. Oczywi\u015bcie musi by\u0107 ona uzale\u017cniona od tego, jakie si\u0119 posiada \u0142\u00f3\u017cko, lecz mimo wszystko <a href=\"https:\/\/witek.pl\/meble\/typy-mebli\/materace\/\">odpowiedni materac do spania<\/a> powinien cechowa\u0107 si\u0119 dobrymi wymiarami. Przyjmuje si\u0119, \u017ce dla jednej osoby nie powinien on by\u0107 mniejszy ni\u017c 90 \u00d7 160. Je\u015bli ma to by\u0107 jednak model podw\u00f3jny, powinno si\u0119 jego szeroko\u015b\u0107 minimum podwoi\u0107.<\/p>\n\n\n\n<p>Bardzo wa\u017cn\u0105 spraw\u0105 podczas wybierania takiego elementu jak materac jest to, kto b\u0119dzie jego producentem. W przypadku materaca marka odgrywa naprawd\u0119 ogromn\u0105 rol\u0119 i \u015bci\u015ble wi\u0105\u017ce si\u0119 z jako\u015bci\u0105 danego modelu. Nie warto wi\u0119c na materacu oszcz\u0119dza\u0107.<\/p>\n\n\n\n<h2 class=\"wp-block-heading\" id=\"jaki-rodzaj-materaca\">Jaki rodzaj materaca?<\/h2>\n\n\n\n<p>Jak mo\u017cna si\u0119 \u0142atwo domy\u015bli\u0107, na rynku obecna jest ogromna ilo\u015b\u0107 r\u00f3\u017cnego rodzaju modeli materac\u00f3w. R\u00f3\u017cni\u0105 si\u0119 one pomi\u0119dzy sob\u0105 technologi\u0105 wykonania, a wi\u0119c r\u00f3wnie\u017c tym, z jakich zosta\u0142y zrobione materia\u0142\u00f3w. Co jest wi\u0119c dost\u0119pnego na rynku i czym si\u0119 poszczeg\u00f3lne mo\u017cliwo\u015bci charakteryzuj\u0105?<\/p>\n\n\n\n<p>Zdecydowanie jedn\u0105 z najcz\u0119\u015bciej wybieranych przez klient\u00f3w wersj\u0105 materaca jest model spr\u0119\u017cynowy. Jak szacuj\u0105 handlowcy, mo\u017ce on stanowi\u0107 nawet 70% sprzedawanych ka\u017cdego dnia modeli. Najcz\u0119\u015bciej klienci si\u0119gaj\u0105 po modele kieszeniowe, kt\u00f3re spr\u0119\u017cyny umieszczone maj\u0105 w specjalnych os\u0142onach nazywanych kieszeniami. Dzi\u0119ki temu, \u017ce ka\u017cda spr\u0119\u017cyna jest uniezale\u017cniona od pozosta\u0142ych, mo\u017cliwe jest osi\u0105gni\u0119cie naprawd\u0119 dobrej wygody snu.<\/p>\n\n\n\n<p>Innym cz\u0119sto polecanym modelem materaca jest wersja piankowa. Taki materac mo\u017ce by\u0107 zrobiony z pianki termoplastycznej, poliuretanowej czy te\u017c wysokoelastycznej. W tym wypadku z ca\u0142\u0105 pewno\u015bci\u0105 nie poleca si\u0119 wybrania modelu najta\u0144szego, poniewa\u017c nie b\u0119dzie on charakteryzowa\u0142 si\u0119 odpowiedni\u0105 jako\u015bci\u0105, a tak\u017ce nie b\u0119dzie sprzyja\u0142 wypoczynkowi. Je\u015bli jednak zainwestuje si\u0119 w taki model nieco wi\u0119cej pieni\u0119dzy, b\u0119dzie si\u0119 mia\u0142o mo\u017cliwo\u015b\u0107 kupienia materaca naprawd\u0119 wygodnego i \u015bwietnie dopasowuj\u0105cego si\u0119 do cia\u0142a. Z tego powodu jest to model najcz\u0119\u015bciej polecanym osobom chorym na kr\u0119gos\u0142up.<\/p>\n\n\n\n<h2 class=\"wp-block-heading\" id=\"jak-dobrac-twardosc-materaca\">Jak dobra\u0107 twardo\u015b\u0107 materaca?<\/h2>\n\n\n\n<p>Na sam koniec podczas wybierania materaca trzeba jeszcze wspomnie\u0107 o tym, jaka ma by\u0107 jego twardo\u015b\u0107. Jak si\u0119 bowiem okazuje, w zale\u017cno\u015bci od tego, jaki konkretnie model si\u0119 wybierze, r\u00f3\u017cna mo\u017ce by\u0107 twardo\u015b\u0107 jego spr\u0119\u017cyn, dzi\u0119ki czemu mo\u017cna kupi\u0107 model mi\u0119kszy lub twardszy. Jak si\u0119 powinno takiego wyboru dokona\u0107? Jak si\u0119 okazuje, kluczowe w tym wypadku jest to, aby po prostu samodzielnie go przetestowa\u0107 i si\u0119 na nim po\u0142o\u017cy\u0107. W innym wypadku bardzo \u0142atwo o pomy\u0142k\u0119 i kupienie modelu o nieprawid\u0142owej twardo\u015bci.<\/p>\n","protected":false},"excerpt":{"rendered":"","protected":false},"author":1,"featured_media":635,"comment_status":"closed","ping_status":"closed","sticky":false,"template":"","format":"standard","meta":{"zakra_page_container_layout":"customizer","zakra_page_sidebar_layout":"customizer","zakra_remove_content_margin":false,"zakra_sidebar":"customizer","zakra_transparent_header":"customizer","zakra_logo":0,"zakra_main_header_style":"default","zakra_menu_item_color":"","zakra_menu_item_hover_color":"","zakra_menu_item_active_color":"","zakra_menu_active_style":"","zakra_page_header":true,"footnotes":""},"categories":[13],"tags":[],"class_list":["post-633","post","type-post","status-publish","format-standard","has-post-thumbnail","hentry","category-do-sypialni"],"_links":{"self":[{"href":"https:\/\/interflatdesign.pl\/index.php\/wp-json\/wp\/v2\/posts\/633","targetHints":{"allow":["GET"]}}],"collection":[{"href":"https:\/\/interflatdesign.pl\/index.php\/wp-json\/wp\/v2\/posts"}],"about":[{"href":"https:\/\/interflatdesign.pl\/index.php\/wp-json\/wp\/v2\/types\/post"}],"author":[{"embeddable":true,"href":"https:\/\/interflatdesign.pl\/index.php\/wp-json\/wp\/v2\/users\/1"}],"replies":[{"embeddable":true,"href":"https:\/\/interflatdesign.pl\/index.php\/wp-json\/wp\/v2\/comments?post=633"}],"version-history":[{"count":1,"href":"https:\/\/interflatdesign.pl\/index.php\/wp-json\/wp\/v2\/posts\/633\/revisions"}],"predecessor-version":[{"id":636,"href":"https:\/\/interflatdesign.pl\/index.php\/wp-json\/wp\/v2\/posts\/633\/revisions\/636"}],"wp:featuredmedia":[{"embeddable":true,"href":"https:\/\/interflatdesign.pl\/index.php\/wp-json\/wp\/v2\/media\/635"}],"wp:attachment":[{"href":"https:\/\/interflatdesign.pl\/index.php\/wp-json\/wp\/v2\/media?parent=633"}],"wp:term":[{"taxonomy":"category","embeddable":true,"href":"https:\/\/interflatdesign.pl\/index.php\/wp-json\/wp\/v2\/categories?post=633"},{"taxonomy":"post_tag","embeddable":true,"href":"https:\/\/interflatdesign.pl\/index.php\/wp-json\/wp\/v2\/tags?post=633"}],"curies":[{"name":"wp","href":"https:\/\/api.w.org\/{rel}","templated":true}]}}