{"id":681,"date":"2022-03-09T08:35:00","date_gmt":"2022-03-09T08:35:00","guid":{"rendered":"https:\/\/interflatdesign.pl\/?p=681"},"modified":"2022-03-28T08:38:34","modified_gmt":"2022-03-28T08:38:34","slug":"salon-w-stylu-boho-jak-urzadzic","status":"publish","type":"post","link":"https:\/\/interflatdesign.pl\/index.php\/2022\/03\/09\/salon-w-stylu-boho-jak-urzadzic\/","title":{"rendered":"Salon w stylu boho &#8211; jak urz\u0105dzi\u0107?"},"content":{"rendered":"\n<p>Styl boho jest znany od wielu lat, a od jakiego\u015b czasu prze\u017cywa swoj\u0105 drug\u0105 m\u0142odo\u015b\u0107. Taka aran\u017cacja sprawia, \u017ce wn\u0119trza nabieraj\u0105 lekko\u015bci i artystycznego klimatu. Podpowiadamy, jak urz\u0105dzi\u0107 salon w stylu boho.<\/p>\n\n\n\n<!--more-->\n\n\n\n<h2 class=\"wp-block-heading\">Czym cechuje si\u0119 styl boho?<\/h2>\n\n\n\n<p>Styl boho jest kojarzony z artystycznym nie\u0142adem. To prawda, tego rodzaju aran\u017cacja daj\u0105 mo\u017cliwo\u015b\u0107 wyra\u017cenia swojej duszy i z pewno\u015bci\u0105 nie jest dobrym wyborem dla minimalist\u00f3w. Nale\u017cy jednak pami\u0119ta\u0107 o zachowaniu r\u00f3wnowagi i niestosowaniu zbyt du\u017cej ilo\u015bci dodatk\u00f3w. W takich przypadkach wspomniany artystyczny nie\u0142ad zamienia si\u0119 w chaos i kicz.&nbsp;<strong>Salon w stylu boho&nbsp;<\/strong>powinien zawiera\u0107 tradycyjny, rustykalne meble. Warto postawi\u0107 na modele drewniane, w tym wypadku sprawdz\u0105 si\u0119 komody lub rega\u0142y z przebarwieniami oraz niewielkimi rysami. W stylu boho licz\u0105 si\u0119 naturalne materia\u0142y, takie jak: rattan, wiklina lub bambus. Cz\u0119sto spotykanym rozwi\u0105zaniem w tego typu aran\u017cacjach s\u0105 fotele lub krzes\u0142a rattanowe. Je\u015bli chodzi o kolorystyk\u0119 w stylu boho dominuj\u0105 takie barwy jak: biel, szaro\u015b\u0107, be\u017c oraz br\u0105z.&nbsp;<\/p>\n\n\n\n<div class=\"wp-block-image\"><figure class=\"aligncenter size-full\"><img loading=\"lazy\" decoding=\"async\" width=\"596\" height=\"422\" src=\"https:\/\/interflatdesign.pl\/wp-content\/uploads\/2022\/03\/salon-boho4.png\" alt=\"salon w stylu boho\" class=\"wp-image-683\" srcset=\"https:\/\/interflatdesign.pl\/wp-content\/uploads\/2022\/03\/salon-boho4.png 596w, https:\/\/interflatdesign.pl\/wp-content\/uploads\/2022\/03\/salon-boho4-300x212.png 300w\" sizes=\"auto, (max-width: 596px) 100vw, 596px\" \/><\/figure><\/div>\n\n\n\n<h2 class=\"wp-block-heading\">Salon w stylu boho &#8211; jakie dodatki?<\/h2>\n\n\n\n<p><strong>Salon w stylu boho<\/strong>&nbsp;nie obejdzie si\u0119 bez du\u017cej ilo\u015b\u0107 naturalnych dodatk\u00f3w. To one sprawiaj\u0105, \u017ce omawiana styliska dekoracji wn\u0119trz jest tak charakterystyczna. Decyduj\u0105c si\u0119 na tego typu aran\u017cacje warto postawi\u0107 na wzory etniczne. Mog\u0105 przedstawia\u0107 motywy kulturowe z ca\u0142ego \u015bwiata, warto je umieszcza\u0107 na dywanach, zas\u0142onach lub poduszkach ozdobnych. Pozosta\u0142e cz\u0119sto stosowane dodatki w stylu boho to mi\u0119dzy innymi:<\/p>\n\n\n\n<ul class=\"wp-block-list\"><li>plecionki &#8211; istnieje wiele dodatk\u00f3w, kt\u00f3re mog\u0105 by\u0107 wykonane z naturalnego sznurka. Takie rozwi\u0105zanie jest ekologiczne i nadaje wn\u0119trzu rustykalnego charakteru. Cz\u0119sto stosowane plecionki to: kosze, dywany, obrusy, makramy oraz pokrowce na meble.<\/li><li>kwiaty doniczkowe &#8211; w celu uzyskania naturalnej stylizacji warto wykorzysta\u0107 \u017cywe ro\u015bliny. Mo\u017cna postawi\u0107 na kwiaty polne lub egzotyczne gatunki.<\/li><li>inne dekoracje &#8211; w stylu boho sprawdz\u0105 si\u0119 dekoracje etniczne z ca\u0142ego \u015bwiata. Mog\u0105 to by\u0107 tradycyjne afryka\u0144skie maski, wazon w azjatyckim stylu lub poduszka z orientalnymi wzorami.<\/li><\/ul>\n\n\n\n<p>Wi\u0119cej inspiracji znajdziesz we wpisie pod adresem <a href=\"https:\/\/www.sfmeble.pl\/inspiration\/salon-w-stylu-boho-najmodniejsze-propozycje\">https:\/\/www.sfmeble.pl\/inspiration\/salon-w-stylu-boho-najmodniejsze-propozycje<\/a>.<\/p>\n","protected":false},"excerpt":{"rendered":"<p>Styl boho jest znany od wielu lat, a od jakiego\u015b czasu prze\u017cywa swoj\u0105 drug\u0105 m\u0142odo\u015b\u0107. Taka aran\u017cacja sprawia, \u017ce wn\u0119trza nabieraj\u0105 lekko\u015bci i artystycznego klimatu. Podpowiadamy, jak urz\u0105dzi\u0107 salon w stylu boho.<\/p>\n","protected":false},"author":1,"featured_media":682,"comment_status":"closed","ping_status":"closed","sticky":false,"template":"","format":"standard","meta":{"zakra_page_container_layout":"customizer","zakra_page_sidebar_layout":"customizer","zakra_remove_content_margin":false,"zakra_sidebar":"customizer","zakra_transparent_header":"customizer","zakra_logo":0,"zakra_main_header_style":"default","zakra_menu_item_color":"","zakra_menu_item_hover_color":"","zakra_menu_item_active_color":"","zakra_menu_active_style":"","zakra_page_header":true,"footnotes":""},"categories":[8],"tags":[],"class_list":["post-681","post","type-post","status-publish","format-standard","has-post-thumbnail","hentry","category-do-salonu"],"_links":{"self":[{"href":"https:\/\/interflatdesign.pl\/index.php\/wp-json\/wp\/v2\/posts\/681","targetHints":{"allow":["GET"]}}],"collection":[{"href":"https:\/\/interflatdesign.pl\/index.php\/wp-json\/wp\/v2\/posts"}],"about":[{"href":"https:\/\/interflatdesign.pl\/index.php\/wp-json\/wp\/v2\/types\/post"}],"author":[{"embeddable":true,"href":"https:\/\/interflatdesign.pl\/index.php\/wp-json\/wp\/v2\/users\/1"}],"replies":[{"embeddable":true,"href":"https:\/\/interflatdesign.pl\/index.php\/wp-json\/wp\/v2\/comments?post=681"}],"version-history":[{"count":1,"href":"https:\/\/interflatdesign.pl\/index.php\/wp-json\/wp\/v2\/posts\/681\/revisions"}],"predecessor-version":[{"id":684,"href":"https:\/\/interflatdesign.pl\/index.php\/wp-json\/wp\/v2\/posts\/681\/revisions\/684"}],"wp:featuredmedia":[{"embeddable":true,"href":"https:\/\/interflatdesign.pl\/index.php\/wp-json\/wp\/v2\/media\/682"}],"wp:attachment":[{"href":"https:\/\/interflatdesign.pl\/index.php\/wp-json\/wp\/v2\/media?parent=681"}],"wp:term":[{"taxonomy":"category","embeddable":true,"href":"https:\/\/interflatdesign.pl\/index.php\/wp-json\/wp\/v2\/categories?post=681"},{"taxonomy":"post_tag","embeddable":true,"href":"https:\/\/interflatdesign.pl\/index.php\/wp-json\/wp\/v2\/tags?post=681"}],"curies":[{"name":"wp","href":"https:\/\/api.w.org\/{rel}","templated":true}]}}