{"id":70,"date":"2019-09-11T10:00:19","date_gmt":"2019-09-11T10:00:19","guid":{"rendered":"http:\/\/interflatdesign.pl\/?p=70"},"modified":"2019-09-19T10:03:14","modified_gmt":"2019-09-19T10:03:14","slug":"wanna-wolnostojaca-na-co-zwrocic-uwage","status":"publish","type":"post","link":"https:\/\/interflatdesign.pl\/index.php\/2019\/09\/11\/wanna-wolnostojaca-na-co-zwrocic-uwage\/","title":{"rendered":"Wanna wolnostoj\u0105ca &#8211; na co zwr\u00f3ci\u0107 uwag\u0119?"},"content":{"rendered":"\n<p>Wanna dla wielu os\u00f3b jest najwa\u017cniejszym elementem \u0142azienki. Dla wielu os\u00f3b jest r\u00f3wnie\u017c bardzo wa\u017cnym elementem aran\u017cacyjnym, kt\u00f3ry dodaje \u0142azience uroku. Ju\u017c nie chcemy chowa\u0107 w rogu \u0142azienki.  Jak wybra\u0107 wann\u0119 wolnostoj\u0105c\u0105, kt\u00f3ra b\u0119dzie umieszczona w centralnym punkcie \u0142azienki?<\/p>\n\n\n\n<h2 class=\"wp-block-heading\">Metra\u017c ma znaczenie<\/h2>\n\n\n\n<p>Decyduj\u0105c si\u0119 na wann\u0119 naro\u017cn\u0105 musimy mie\u0107 \u015bwiadomo\u015b\u0107, \u017ce by wygl\u0105da\u0142a ona atrakcyjnie i by\u0142a prawdziw\u0105 ozdob\u0105 \u0142azienki musi by\u0107 wyeksponowana. I tu pojawia si\u0119 zasadniczy problem, kt\u00f3ry dotyczy wanny wolnostoj\u0105cej. Wanna wolnostoj\u0105ca jest przeznaczona do du\u017cych \u0142azienek oraz pokoi k\u0105pielowych.<\/p>\n\n\n\n<p>Chc\u0105c zamontowa\u0107 wann\u0119 wolnostoj\u0105c\u0105 musimy mie\u0107 minimum 7 metr\u00f3w, najkorzystniej wygl\u0105da \u0142azienka kt\u00f3ra ma nie mniej ni\u017c 15 m 2. Trzeba pami\u0119ta\u0107, \u017ce obok jek umieszczamy r\u00f3wnie\u017c baterie, kt\u00f3re stoj\u0105 na nogach lub \u0142apach w ca\u0142ej okaza\u0142o\u015bci i r\u00f3wnie\u017c wymagaj\u0105 miejsca.<\/p>\n\n\n\n<p>Dost\u0119p do wanny musi by\u0107 swobodny. Umieszczenie jej w miejscu, gdzie jest utrudnione korzystanie zupe\u0142nie zaburza ide\u0119 korzystania z tego typu produktu. Wanna wolnostoj\u0105ca, by wygl\u0105da\u0142a atrakcyjnie musi, by\u0107 wyeksponowana w odpowiednim miejscu.<\/p>\n\n\n\n<h2 class=\"wp-block-heading\">Design wanny<\/h2>\n\n\n\n<p>Projektuj\u0105c pok\u00f3j k\u0105pielowy z eleganck\u0105 wann\u0105  koniecznie trzeba zwr\u00f3ci\u0107 uwag\u0119 na design wanny. W pomieszczeniach retro \u015bwietnie b\u0119dzie wygl\u0105da\u0142a na lwich \u0142apach, wykonana z \u017celiwa b\u0105d\u017a kamienia. Wanna z kompozytu lub szk\u0142a sprawdzi si\u0119 we wn\u0119trzu nowoczesnym. Za\u015b emaliowana sprawdzi si\u0119 w \u0142azience klasycznej.<\/p>\n\n\n\n<p>Styl w jakim jest wanna ma podstawowe znaczenie dla wygl\u0105du pokoju k\u0105pielowego. Eleganckie wn\u0119trze musi by\u0107 sp\u00f3jne aran\u017cacyjnie.<\/p>\n\n\n\n<p>Wi\u0119cej znajdziesz na stronie &#8211;  <a href=\"https:\/\/www.camero.pl\/wanny\/\">https:\/\/www.camero.pl\/wanny\/<\/a> <\/p>\n","protected":false},"excerpt":{"rendered":"<p>Wanna dla wielu os\u00f3b jest najwa\u017cniejszym elementem \u0142azienki. Dla wielu os\u00f3b jest r\u00f3wnie\u017c bardzo wa\u017cnym elementem aran\u017cacyjnym, kt\u00f3ry dodaje \u0142azience uroku. Ju\u017c nie chcemy chowa\u0107 w rogu \u0142azienki. Jak wybra\u0107 wann\u0119 wolnostoj\u0105c\u0105, kt\u00f3ra b\u0119dzie umieszczona w centralnym punkcie \u0142azienki? Metra\u017c ma znaczenie Decyduj\u0105c si\u0119 na wann\u0119 naro\u017cn\u0105 musimy mie\u0107 \u015bwiadomo\u015b\u0107, \u017ce by wygl\u0105da\u0142a ona atrakcyjnie [&hellip;]<\/p>\n","protected":false},"author":1,"featured_media":71,"comment_status":"closed","ping_status":"closed","sticky":false,"template":"","format":"standard","meta":{"zakra_page_container_layout":"customizer","zakra_page_sidebar_layout":"customizer","zakra_remove_content_margin":false,"zakra_sidebar":"customizer","zakra_transparent_header":"customizer","zakra_logo":0,"zakra_main_header_style":"default","zakra_menu_item_color":"","zakra_menu_item_hover_color":"","zakra_menu_item_active_color":"","zakra_menu_active_style":"","zakra_page_header":true,"footnotes":""},"categories":[2],"tags":[],"class_list":["post-70","post","type-post","status-publish","format-standard","has-post-thumbnail","hentry","category-do-lazienki"],"_links":{"self":[{"href":"https:\/\/interflatdesign.pl\/index.php\/wp-json\/wp\/v2\/posts\/70","targetHints":{"allow":["GET"]}}],"collection":[{"href":"https:\/\/interflatdesign.pl\/index.php\/wp-json\/wp\/v2\/posts"}],"about":[{"href":"https:\/\/interflatdesign.pl\/index.php\/wp-json\/wp\/v2\/types\/post"}],"author":[{"embeddable":true,"href":"https:\/\/interflatdesign.pl\/index.php\/wp-json\/wp\/v2\/users\/1"}],"replies":[{"embeddable":true,"href":"https:\/\/interflatdesign.pl\/index.php\/wp-json\/wp\/v2\/comments?post=70"}],"version-history":[{"count":1,"href":"https:\/\/interflatdesign.pl\/index.php\/wp-json\/wp\/v2\/posts\/70\/revisions"}],"predecessor-version":[{"id":72,"href":"https:\/\/interflatdesign.pl\/index.php\/wp-json\/wp\/v2\/posts\/70\/revisions\/72"}],"wp:featuredmedia":[{"embeddable":true,"href":"https:\/\/interflatdesign.pl\/index.php\/wp-json\/wp\/v2\/media\/71"}],"wp:attachment":[{"href":"https:\/\/interflatdesign.pl\/index.php\/wp-json\/wp\/v2\/media?parent=70"}],"wp:term":[{"taxonomy":"category","embeddable":true,"href":"https:\/\/interflatdesign.pl\/index.php\/wp-json\/wp\/v2\/categories?post=70"},{"taxonomy":"post_tag","embeddable":true,"href":"https:\/\/interflatdesign.pl\/index.php\/wp-json\/wp\/v2\/tags?post=70"}],"curies":[{"name":"wp","href":"https:\/\/api.w.org\/{rel}","templated":true}]}}