{"id":782,"date":"2022-09-02T12:02:00","date_gmt":"2022-09-02T12:02:00","guid":{"rendered":"https:\/\/interflatdesign.pl\/?p=782"},"modified":"2022-09-16T12:05:33","modified_gmt":"2022-09-16T12:05:33","slug":"organizer-kabli-i-jego-odmiany","status":"publish","type":"post","link":"https:\/\/interflatdesign.pl\/index.php\/2022\/09\/02\/organizer-kabli-i-jego-odmiany\/","title":{"rendered":"Organizer kabli i jego odmiany"},"content":{"rendered":"\n<!--more-->\n\n\n\n<p>Organizer kabli to urz\u0105dzenie, kt\u00f3re mo\u017ce by\u0107 wykorzystane do uporz\u0105dkowania i organizacji kabli w szafach, rega\u0142ach lub na pod\u0142ogach. Kable zasilaj\u0105ce, patchcordy i inne kable po\u0142\u0105czeniowe mog\u0105 si\u0119 pl\u0105ta\u0107, zajmowa\u0107 du\u017co miejsca, psu\u0107 estetyk\u0119 i zas\u0142ania\u0107 wska\u017aniki. Organizery kablowe rozwi\u0105zuj\u0105 wszystkie te problemy. Metalowy organizer panelowy sk\u0142ada si\u0119 z cz\u0119\u015bci g\u0142\u00f3wnej (rama) oraz cz\u0119\u015bci roboczej (pier\u015bcienie, uchwyty, grzebienie).<\/p>\n\n\n\n<h2 class=\"wp-block-heading\">Korzy\u015bci wynikaj\u0105ce z zastosowania organizer\u00f3w kabli<\/h2>\n\n\n\n<figure class=\"wp-block-image alignright size-full is-resized\"><img loading=\"lazy\" decoding=\"async\" src=\"https:\/\/interflatdesign.pl\/wp-content\/uploads\/2022\/09\/organizer-kabli-4.jpg\" alt=\"organizer kabli\" class=\"wp-image-783\" width=\"204\" height=\"129\"\/><\/figure>\n\n\n\n<ul class=\"wp-block-list\"><li>Uporz\u0105dkowany system zarz\u0105dzania kablami, schludny wygl\u0105d sieci, \u0142atwiejsza i szybsza konserwacja urz\u0105dze\u0144;<\/li><li>Przestrzeganie granic zginania, unikanie p\u0119tli i za\u0142ama\u0144;<\/li><li>Zmniejszenie wagi przewod\u00f3w, mniejsze napr\u0119\u017cenia mechaniczne w miejscach po\u0142\u0105cze\u0144;<\/li><li>Oszcz\u0119dno\u015b\u0107 miejsca.<\/li><\/ul>\n\n\n\n<p>Organizery kabli s\u0105 szczeg\u00f3lnie poszukiwane w wi\u0119kszych systemach sieciowych. Wykonuje si\u0119 je w taki sam spos\u00f3b jak stela\u017c. Instalacja jest szybka i prosta.<\/p>\n\n\n\n<h2 class=\"wp-block-heading\">R\u00f3\u017cnorodno\u015b\u0107 organizator\u00f3w<\/h2>\n\n\n\n<p>R\u00f3\u017cnorodno\u015b\u0107 organizer\u00f3w pozwala na znalezienie odpowiedniego urz\u0105dzenia dla ka\u017cdego typu systemu. Dost\u0119pne s\u0105 nast\u0119puj\u0105ce rodzaje organizer\u00f3w kabli:<\/p>\n\n\n\n<ul class=\"wp-block-list\"><li>Montowane za pomoc\u0105 \u0142\u0105cznik\u00f3w, przystosowane do szaf i stojak\u00f3w telekomunikacyjnych;<\/li><li>Montowane na pionowych szynach. Jego wysoko\u015b\u0107 jest zgodna z wysoko\u015bci\u0105 stojaka;<\/li><li>Zdejmowany uchwyt monta\u017cowy lub pier\u015bcie\u0144. Jest on u\u017cywany we wszystkich aplikacjach do trzymania kilku przewod\u00f3w w tym samym miejscu.<\/li><li>Spirala. Za jej pomoc\u0105 wi\u0105zane s\u0105 kable.<\/li><\/ul>\n\n\n\n<p>Zazwyczaj organizer kabli z <a href=\"https:\/\/www.napad.pl\/685-organizery-na-kable\" rel=\"\u201dnofollow\u201d\">napad.pl<\/a> wyst\u0119puje w 2 kolorach: czarnym lub szarym. Modele r\u00f3\u017cni\u0105 si\u0119 tak\u017ce wielko\u015bci\u0105. Zaciski mog\u0105 mie\u0107 r\u00f3\u017cne \u015brednice, z kt\u00f3rych ka\u017cda jest odpowiednia dla okre\u015blonej liczby drut\u00f3w w wi\u0105zce.&nbsp;Je\u015bli przewiduje si\u0119, \u017ce sie\u0107 mo\u017ce si\u0119 z czasem rozbudowa\u0107, lepiej wcze\u015bniej zakupi\u0107 wi\u0119kszy panel.<\/p>\n","protected":false},"excerpt":{"rendered":"","protected":false},"author":1,"featured_media":783,"comment_status":"closed","ping_status":"closed","sticky":false,"template":"","format":"standard","meta":{"zakra_page_container_layout":"customizer","zakra_page_sidebar_layout":"customizer","zakra_remove_content_margin":false,"zakra_sidebar":"customizer","zakra_transparent_header":"customizer","zakra_logo":0,"zakra_main_header_style":"default","zakra_menu_item_color":"","zakra_menu_item_hover_color":"","zakra_menu_item_active_color":"","zakra_menu_active_style":"","zakra_page_header":true,"footnotes":""},"categories":[10],"tags":[],"class_list":["post-782","post","type-post","status-publish","format-standard","has-post-thumbnail","hentry","category-do-biura"],"_links":{"self":[{"href":"https:\/\/interflatdesign.pl\/index.php\/wp-json\/wp\/v2\/posts\/782","targetHints":{"allow":["GET"]}}],"collection":[{"href":"https:\/\/interflatdesign.pl\/index.php\/wp-json\/wp\/v2\/posts"}],"about":[{"href":"https:\/\/interflatdesign.pl\/index.php\/wp-json\/wp\/v2\/types\/post"}],"author":[{"embeddable":true,"href":"https:\/\/interflatdesign.pl\/index.php\/wp-json\/wp\/v2\/users\/1"}],"replies":[{"embeddable":true,"href":"https:\/\/interflatdesign.pl\/index.php\/wp-json\/wp\/v2\/comments?post=782"}],"version-history":[{"count":1,"href":"https:\/\/interflatdesign.pl\/index.php\/wp-json\/wp\/v2\/posts\/782\/revisions"}],"predecessor-version":[{"id":784,"href":"https:\/\/interflatdesign.pl\/index.php\/wp-json\/wp\/v2\/posts\/782\/revisions\/784"}],"wp:featuredmedia":[{"embeddable":true,"href":"https:\/\/interflatdesign.pl\/index.php\/wp-json\/wp\/v2\/media\/783"}],"wp:attachment":[{"href":"https:\/\/interflatdesign.pl\/index.php\/wp-json\/wp\/v2\/media?parent=782"}],"wp:term":[{"taxonomy":"category","embeddable":true,"href":"https:\/\/interflatdesign.pl\/index.php\/wp-json\/wp\/v2\/categories?post=782"},{"taxonomy":"post_tag","embeddable":true,"href":"https:\/\/interflatdesign.pl\/index.php\/wp-json\/wp\/v2\/tags?post=782"}],"curies":[{"name":"wp","href":"https:\/\/api.w.org\/{rel}","templated":true}]}}