{"id":851,"date":"2023-01-05T09:03:49","date_gmt":"2023-01-05T09:03:49","guid":{"rendered":"https:\/\/interflatdesign.pl\/?p=851"},"modified":"2023-01-25T09:10:33","modified_gmt":"2023-01-25T09:10:33","slug":"odpowiednia-lampa-do-salonu-czyli-jak-zadbac-o-klimat-tego-miejsca","status":"publish","type":"post","link":"https:\/\/interflatdesign.pl\/index.php\/2023\/01\/05\/odpowiednia-lampa-do-salonu-czyli-jak-zadbac-o-klimat-tego-miejsca\/","title":{"rendered":"Odpowiednia lampa do salonu, czyli jak zadba\u0107 o klimat tego miejsca"},"content":{"rendered":"\n<!--more-->\n\n\n\n<p><strong>Salon, zwany r\u00f3wnie\u017c pokojem go\u015bcinnym jest miejscem szczeg\u00f3lnym w ka\u017cdym domu jednorodzinnym lub te\u017c mieszkaniu. Powiada si\u0119, \u017ce to jego serce. To prawda, poniewa\u017c tam spotykaj\u0105 si\u0119 domownicy przy wsp\u00f3lnym posi\u0142ku, ogl\u0105daniu ciekawego filmu albo programu telewizyjnego, czy po prostu na rozmowie, kiedy wsp\u00f3lnie omawiane s\u0105 rozmaite problemy. Pomieszczenie to mo\u017cna tak z pewno\u015bci\u0105 powiedzie\u0107, jest na pewno wizyt\u00f3wk\u0105 naszego domu, tam przecie\u017c przy rozmaitych okazjach przyjmujemy go\u015bci, organizujemy wa\u017cne uroczysto\u015bci rodzinne. Wa\u017cnym elementem jest prawid\u0142owe o\u015bwietlenie salonu maj\u0105ce na celu stworzenie tam odpowiedniego klimatu.<\/strong><\/p>\n\n\n\n<h2 class=\"wp-block-heading\">Dlaczego lampa do salonu, jest to tak istotna?<\/h2>\n\n\n\n<p>Nie od dzi\u015b wiadomo, \u017ce prawid\u0142owe pod\u015bwietlenie salonu, ale nie tylko, r\u00f3wnie\u017c innych pomieszcze\u0144, cho\u0107by kuchni oraz sypialni to gwarancja dobrego samopoczucia. Dobrze si\u0119 czujemy w miejscu, gdzie jest przytulnie, dzi\u0119ki temu istnieje sposobno\u015b\u0107, aby si\u0119 zrelaksowa\u0107 i odpocz\u0105\u0107 po ca\u0142ym dniu pracy. Ponadto odpowiednie o\u015bwietlenie pozwala zmieni\u0107 proporcje i kszta\u0142t rozmaitych sprz\u0119t\u00f3w, oszuka\u0107 przestrze\u0144 i ukry\u0107 jej braki. Dlatego przed wyborem takiego produktu jak lampa do salonu dobrze si\u0119 zastan\u00f3wmy, jak\u0105 naby\u0107. Wszystko zale\u017cy od naszych indywidualnych preferencji oraz rodzaju pokoju go\u015bcinnego. Inne <strong><a href=\"https:\/\/www.elampy.pl\/lampy-do-salonu\">lampy do salonu<\/a><\/strong> u\u017cyjemy, gdy to miejsce jest po\u0142\u0105czone z jadalni\u0105, a inne, gdy z kuchni\u0105.<\/p>\n\n\n\n<figure class=\"wp-block-image size-full\"><img loading=\"lazy\" decoding=\"async\" width=\"800\" height=\"800\" src=\"https:\/\/interflatdesign.pl\/wp-content\/uploads\/2023\/01\/lampy-do-salonu-4.webp\" alt=\" Lampa do salonu\" class=\"wp-image-852\" srcset=\"https:\/\/interflatdesign.pl\/wp-content\/uploads\/2023\/01\/lampy-do-salonu-4.webp 800w, https:\/\/interflatdesign.pl\/wp-content\/uploads\/2023\/01\/lampy-do-salonu-4-300x300.webp 300w, https:\/\/interflatdesign.pl\/wp-content\/uploads\/2023\/01\/lampy-do-salonu-4-150x150.webp 150w, https:\/\/interflatdesign.pl\/wp-content\/uploads\/2023\/01\/lampy-do-salonu-4-768x768.webp 768w\" sizes=\"auto, (max-width: 800px) 100vw, 800px\" \/><\/figure>\n\n\n\n<h2 class=\"wp-block-heading\">Na jakiego rodzaju lampy do salonu si\u0119 zdecydowa\u0107?<\/h2>\n\n\n\n<p>Kiedy pok\u00f3j go\u015bcinny jest zarazem miejscem spo\u017cywania posi\u0142k\u00f3w, dobrym rozstrzygni\u0119ciem jest wyb\u00f3r lampy wisz\u0105cej do salonu o\u015bwietlaj\u0105cej st\u00f3\u0142, by umo\u017cliwi\u0107 komfortowe delektowanie si\u0119 jedzeniem. Mo\u017cna postawi\u0107 na przyk\u0142ad na jeden \u017cyrandol albo powiedzmy trzy mniejsze lampy. W kolejnym przypadku, je\u015bli salon jest po\u0142\u0105czony z kuchni\u0105, a trzeba przyzna\u0107, i\u017c jest to modna i zarazem praktyczna koncepcja, trzeba wiedzie\u0107, jak dobrze do\u015bwietli\u0107 obie przestrzenie. W kuchni z racji przygotowania tam posi\u0142k\u00f3w potrzebujemy intensywnego \u015bwiat\u0142a, natomiast w pokoju go\u015bcinnym ju\u017c niekoniecznie. Wtedy wybieraj\u0105c lamp\u0119 do salonu, mo\u017cemy zdecydowa\u0107 si\u0119 na du\u017c\u0105, stoj\u0105c\u0105 na ziemi, czy te\u017c kilka mniejszych, kt\u00f3re znajd\u0105 swoje miejsce, chocia\u017cby na komodzie, regale lub stoliku kawowym. Mo\u017cna te\u017c zastosowa\u0107 lamp\u0119 \u015bcienn\u0105.<\/p>\n","protected":false},"excerpt":{"rendered":"<p>Salon, zwany r\u00f3wnie\u017c pokojem go\u015bcinnym jest miejscem szczeg\u00f3lnym w ka\u017cdym domu jednorodzinnym lub te\u017c mieszkaniu. Powiada si\u0119, \u017ce to jego serce.<\/p>\n","protected":false},"author":1,"featured_media":854,"comment_status":"closed","ping_status":"closed","sticky":false,"template":"","format":"standard","meta":{"zakra_page_container_layout":"customizer","zakra_page_sidebar_layout":"customizer","zakra_remove_content_margin":false,"zakra_sidebar":"customizer","zakra_transparent_header":"customizer","zakra_logo":0,"zakra_main_header_style":"default","zakra_menu_item_color":"","zakra_menu_item_hover_color":"","zakra_menu_item_active_color":"","zakra_menu_active_style":"","zakra_page_header":true,"footnotes":""},"categories":[12],"tags":[],"class_list":["post-851","post","type-post","status-publish","format-standard","has-post-thumbnail","hentry","category-oswietlenie"],"_links":{"self":[{"href":"https:\/\/interflatdesign.pl\/index.php\/wp-json\/wp\/v2\/posts\/851","targetHints":{"allow":["GET"]}}],"collection":[{"href":"https:\/\/interflatdesign.pl\/index.php\/wp-json\/wp\/v2\/posts"}],"about":[{"href":"https:\/\/interflatdesign.pl\/index.php\/wp-json\/wp\/v2\/types\/post"}],"author":[{"embeddable":true,"href":"https:\/\/interflatdesign.pl\/index.php\/wp-json\/wp\/v2\/users\/1"}],"replies":[{"embeddable":true,"href":"https:\/\/interflatdesign.pl\/index.php\/wp-json\/wp\/v2\/comments?post=851"}],"version-history":[{"count":2,"href":"https:\/\/interflatdesign.pl\/index.php\/wp-json\/wp\/v2\/posts\/851\/revisions"}],"predecessor-version":[{"id":856,"href":"https:\/\/interflatdesign.pl\/index.php\/wp-json\/wp\/v2\/posts\/851\/revisions\/856"}],"wp:featuredmedia":[{"embeddable":true,"href":"https:\/\/interflatdesign.pl\/index.php\/wp-json\/wp\/v2\/media\/854"}],"wp:attachment":[{"href":"https:\/\/interflatdesign.pl\/index.php\/wp-json\/wp\/v2\/media?parent=851"}],"wp:term":[{"taxonomy":"category","embeddable":true,"href":"https:\/\/interflatdesign.pl\/index.php\/wp-json\/wp\/v2\/categories?post=851"},{"taxonomy":"post_tag","embeddable":true,"href":"https:\/\/interflatdesign.pl\/index.php\/wp-json\/wp\/v2\/tags?post=851"}],"curies":[{"name":"wp","href":"https:\/\/api.w.org\/{rel}","templated":true}]}}