{"id":898,"date":"2023-03-20T12:43:08","date_gmt":"2023-03-20T12:43:08","guid":{"rendered":"https:\/\/interflatdesign.pl\/?p=898"},"modified":"2023-03-23T12:50:36","modified_gmt":"2023-03-23T12:50:36","slug":"klimatyzatory-scienne-co-warto-o-nich-wiedziec","status":"publish","type":"post","link":"https:\/\/interflatdesign.pl\/index.php\/2023\/03\/20\/klimatyzatory-scienne-co-warto-o-nich-wiedziec\/","title":{"rendered":"Klimatyzatory \u015bcienne &#8211; co warto o nich wiedzie\u0107?"},"content":{"rendered":"\n<!--more-->\n\n\n\n<p><strong>Monta\u017c klimatyzacji stanowi skuteczn\u0105 bro\u0144 w walce z letnimi upa\u0142ami. Coraz wi\u0119ksz\u0105 popularno\u015bci\u0105 ciesz\u0105 si\u0119 klimatyzatory \u015bcienne. Podpowiadamy, co trzeba o nich wiedzie\u0107 i czym si\u0119 kierowa\u0107 przy ich wyborze.&nbsp;<\/strong><\/p>\n\n\n\n<h2 class=\"wp-block-heading\">Klimatyzator \u015bcienny &#8211; wa\u017cne informacje<\/h2>\n\n\n\n<p>Klimatyzatory \u015bcienne to nowoczesne i funkcjonalne urz\u0105dzenia, kt\u00f3re mo\u017cna spotka\u0107 w domach oraz w wielu innych rodzajach budynk\u00f3w, na przyk\u0142ad tych o charakterze komercyjnym. S\u0142u\u017c\u0105 do och\u0142adzania powietrza, dzi\u0119ki czemu zdaj\u0105 egzamin podczas trwania upalnych dni. Dzi\u0119ki nim funkcjonowanie w czasie letnich upa\u0142\u00f3w nie sprawia najmniejszego problemu. Ponadto, takie urz\u0105dzenia mog\u0105 ogrzewa\u0107 powietrze oraz usuwa\u0107 nadmiar wilgoci z pomieszczenia. Mog\u0105 to by\u0107 modele typu split lub multi-split. Cechuj\u0105 si\u0119 niewielkimi rozmiarami, co pozwala na znacz\u0105c\u0105 oszcz\u0119dno\u015b\u0107 miejsca. Ich monta\u017c w <a href=\"https:\/\/skarsan.pl\/klimatyzatory-scienne\/\">Skarsan<\/a> nie sprawia \u017cadnych trudno\u015bci, a poza tym nie wymaga przeprowadzania generalnego remontu budynku.<\/p>\n\n\n\n<figure class=\"wp-block-image size-full\"><img loading=\"lazy\" decoding=\"async\" width=\"570\" height=\"321\" src=\"https:\/\/interflatdesign.pl\/wp-content\/uploads\/2023\/03\/klimatyzatory-scienne2.webp\" alt=\"klimatyzatory \u015bcienne\" class=\"wp-image-899\" srcset=\"https:\/\/interflatdesign.pl\/wp-content\/uploads\/2023\/03\/klimatyzatory-scienne2.webp 570w, https:\/\/interflatdesign.pl\/wp-content\/uploads\/2023\/03\/klimatyzatory-scienne2-300x169.webp 300w\" sizes=\"auto, (max-width: 570px) 100vw, 570px\" \/><\/figure>\n\n\n\n<h2 class=\"wp-block-heading\">Jak wybra\u0107 dobry klimatyzator?<\/h2>\n\n\n\n<p>Najwa\u017cniejsza kwestia podczas wyboru klimatyzator\u00f3w \u015bciennych to ich moc. Parametr powinien zosta\u0107 dopasowany do rozmiaru danego pomieszczenia. Zbyt ma\u0142a moc oznacza niedostateczn\u0105 wydajno\u015b\u0107, a je\u017celi jest ona zbyt du\u017ca, to trzeba si\u0119 liczy\u0107 ze zu\u017cywaniem wi\u0119kszych ilo\u015bci energii ni\u017c jest to konieczne. Ponadto, nale\u017cy zwraca\u0107 uwag\u0119 na pr\u0119dko\u015b\u0107 obrotow\u0105 wirnika wentylatora. Warto celowa\u0107 w modele, w kt\u00f3rych jest ona jak najwy\u017csza. Poza tym trzeba pami\u0119ta\u0107 o poziomie generowanego ha\u0142asu. Tego typu urz\u0105dzenia nie powinny pracowa\u0107 g\u0142o\u015bniej ni\u017c na poziomie 50 decybeli. Nie mo\u017cna zapomina\u0107 o kwestii sterowania. W dzisiejszych czasach du\u017c\u0105 popularno\u015bci\u0105 ciesz\u0105 si\u0119 modele, kt\u00f3re mo\u017cna obs\u0142ugiwa\u0107 za pomoc\u0105 pilota lub aplikacji. Poza tym, nale\u017cy zwr\u00f3ci\u0107 uwag\u0119 na klas\u0119 energetyczn\u0105 urz\u0105dzenia, kt\u00f3ra ma istotny wp\u0142yw na ilo\u015b\u0107 zu\u017cywanego pr\u0105du.<\/p>\n","protected":false},"excerpt":{"rendered":"","protected":false},"author":1,"featured_media":900,"comment_status":"closed","ping_status":"closed","sticky":false,"template":"","format":"standard","meta":{"zakra_page_container_layout":"customizer","zakra_page_sidebar_layout":"customizer","zakra_remove_content_margin":false,"zakra_sidebar":"customizer","zakra_transparent_header":"customizer","zakra_logo":0,"zakra_main_header_style":"default","zakra_menu_item_color":"","zakra_menu_item_hover_color":"","zakra_menu_item_active_color":"","zakra_menu_active_style":"","zakra_page_header":true,"footnotes":""},"categories":[11],"tags":[],"class_list":["post-898","post","type-post","status-publish","format-standard","has-post-thumbnail","hentry","category-mieszkania"],"_links":{"self":[{"href":"https:\/\/interflatdesign.pl\/index.php\/wp-json\/wp\/v2\/posts\/898","targetHints":{"allow":["GET"]}}],"collection":[{"href":"https:\/\/interflatdesign.pl\/index.php\/wp-json\/wp\/v2\/posts"}],"about":[{"href":"https:\/\/interflatdesign.pl\/index.php\/wp-json\/wp\/v2\/types\/post"}],"author":[{"embeddable":true,"href":"https:\/\/interflatdesign.pl\/index.php\/wp-json\/wp\/v2\/users\/1"}],"replies":[{"embeddable":true,"href":"https:\/\/interflatdesign.pl\/index.php\/wp-json\/wp\/v2\/comments?post=898"}],"version-history":[{"count":1,"href":"https:\/\/interflatdesign.pl\/index.php\/wp-json\/wp\/v2\/posts\/898\/revisions"}],"predecessor-version":[{"id":901,"href":"https:\/\/interflatdesign.pl\/index.php\/wp-json\/wp\/v2\/posts\/898\/revisions\/901"}],"wp:featuredmedia":[{"embeddable":true,"href":"https:\/\/interflatdesign.pl\/index.php\/wp-json\/wp\/v2\/media\/900"}],"wp:attachment":[{"href":"https:\/\/interflatdesign.pl\/index.php\/wp-json\/wp\/v2\/media?parent=898"}],"wp:term":[{"taxonomy":"category","embeddable":true,"href":"https:\/\/interflatdesign.pl\/index.php\/wp-json\/wp\/v2\/categories?post=898"},{"taxonomy":"post_tag","embeddable":true,"href":"https:\/\/interflatdesign.pl\/index.php\/wp-json\/wp\/v2\/tags?post=898"}],"curies":[{"name":"wp","href":"https:\/\/api.w.org\/{rel}","templated":true}]}}