{"id":903,"date":"2023-03-23T10:26:44","date_gmt":"2023-03-23T10:26:44","guid":{"rendered":"http:\/\/interflatdesign.pl\/?p=903"},"modified":"2023-03-29T10:28:29","modified_gmt":"2023-03-29T10:28:29","slug":"nowoczesne-mebloscianki-do-salonu-modne-i-praktyczne","status":"publish","type":"post","link":"https:\/\/interflatdesign.pl\/index.php\/2023\/03\/23\/nowoczesne-mebloscianki-do-salonu-modne-i-praktyczne\/","title":{"rendered":"Nowoczesne meblo\u015bcianki do salonu &#8211; modne i praktyczne"},"content":{"rendered":"\n<!--more-->\n\n\n\n<p>Kiedy pojawia si\u0119 problem z zagospodarowaniem przestrzeni w pomieszczeniu jednym z najlepszych rozwi\u0105za\u0144 jest klasyczna meblo\u015bcianka. W dawnych aran\u017cacjach kojarzy\u0142a si\u0119 ona z monotoni\u0105 i nud\u0105, w nowszych wersjach mo\u017cna znale\u017a\u0107 jednak wiele stylowych i ciekawych modeli, kt\u00f3re dodadz\u0105 wn\u0119trzu klasy oraz uroku. W jaki spos\u00f3b wybra\u0107 i dobrze dopasowa\u0107 meblo\u015bciank\u0119? Na jakie aspekty zwr\u00f3ci\u0107 uwag\u0119?<\/p>\n\n\n\n<h2 class=\"wp-block-heading\">Kiedy dodajemy meblo\u015bciank\u0119 do salonu?<\/h2>\n\n\n\n<p>Decyzja o wyborze meblo\u015bcianki zazwyczaj pojawia si\u0119 wtedy, kiedy niezb\u0119dne jest dodatkowe wydzielenie przestrzeni. Problem dotyczy zazwyczaj du\u017cego pomieszczenia w kt\u00f3rym brakuje prywatno\u015bci, szczeg\u00f3lnie je\u017celi korzysta z niego wi\u0119cej os\u00f3b. Warto pami\u0119ta\u0107 jednak, \u017ce meblo\u015bcianka to tak\u017ce oryginalny pomys\u0142 na innowacyjn\u0105 aran\u017cacj\u0119, kt\u00f3ra zapewnia du\u017ce mo\u017cliwo\u015bci dekoracyjne. W zale\u017cno\u015bci od dobory wzoru, koloru, a tak\u017ce materia\u0142u meblo\u015bcianki mo\u017cna dopasowa\u0107 j\u0105 tak\u017ce do danego stylu wystroju pomieszczenia. Rynek sprzeda\u017cy obfituje w wiele modeli regalik\u00f3w czy biblioteczek, kt\u00f3re \u015bwietnie sprawdzaj\u0105 si\u0119 jako przegrody, kt\u00f3re nie tylko prezentuj\u0105 si\u0119 modnie, ale r\u00f3wnie\u017c s\u0105 bardzo praktyczne. Zapewniaj\u0105 one bowiem znaczn\u0105 ilo\u015b\u0107 dodatkowego miejsca, kt\u00f3re mo\u017cna wykorzysta\u0107 na ksi\u0105\u017cki, dekoracje czy figurki, nadaj\u0105ce pomieszczeniu wyj\u0105tkowo\u015bci.&nbsp;<\/p>\n\n\n\n<h2 class=\"wp-block-heading\">Gdzie najlepiej zastosowa\u0107 meblo\u015bciank\u0119?<\/h2>\n\n\n\n<p>Istnieje wiele mo\u017cliwo\u015bci aran\u017cacyjnych w kt\u00f3rych zastosowanie meblo\u015bcianki jest nie tylko pomocne, ale wr\u0119cz konieczne. Jedn\u0105 z takich sytuacji jest na przyk\u0142ad podzia\u0142 pokoju dzieci\u0119cego pomi\u0119dzy rodze\u0144stwem czy te\u017c stworzenie funkcjonalnej przegrody pomi\u0119dzy kuchni\u0105 a salonem czy pokojem dziennym. Zaaran\u017cowanie przestrzeni w ten spos\u00f3b pozwala nie tylko na lepsze zagospodarowanie powierzchni pomieszczenia, ale tak\u017ce na wprowadzenie do niego nieco prywatno\u015bci i dyskrecji. Przy pomocy meblo\u015bcianki mo\u017cna stworzy\u0107 ma\u0142y, przytulny k\u0105cik, kt\u00f3ry pozwoli na chwil\u0119 odpoczynku w samotno\u015bci.\u00a0Takie nowoczesne meblo\u015bcianki do salonu <a href=\"https:\/\/novodom.pl\/312-mebloscianki\">https:\/\/novodom.pl\/312-mebloscianki<\/a>\u00a0to rozwi\u0105zanie, kt\u00f3re prezentuje si\u0119 wyj\u0105tkowo atrakcyjnie, szczeg\u00f3lnie ze wzgl\u0119du na \u0142adn\u0105 kompozycj\u0119, form\u0119 oraz barw\u0119 jak\u0105 posiadaj\u0105 wsp\u00f3\u0142czesne rega\u0142y.\u00a0<\/p>\n\n\n\n<h2 class=\"wp-block-heading\">Nowoczesne meblo\u015bcianki do salonu &#8211; jak\u0105 wybra\u0107?<\/h2>\n\n\n\n<p>Aby dobrze dobra\u0107 meblo\u015bciank\u0119 nie wystarczy zwyczajne dopasowanie barwy oraz materia\u0142u wykonania. Warto pami\u0119ta\u0107 bowiem o dobrym dopasowaniu do stylu wystroju pomieszczenia, a tak\u017ce funkcjonalno\u015bci. W zale\u017cno\u015bci od charakteru wn\u0119trza mo\u017cna zastosowa\u0107 wi\u0119c meblo\u015bciank\u0119 w aran\u017cacji klasycznej, modernistycznej a nawet bardzo modnej w ostatnich latach aran\u017cacji loft. Wyb\u00f3r powinien by\u0107 oczywi\u015bcie przemy\u015blany oraz jak najlepiej dopasowany do potrzeb u\u017cytkownik\u00f3w. W przypadku mi\u0142o\u015bnika ksi\u0105\u017cek bardzo dobrze sprawdzi si\u0119 kszta\u0142tna biblioteczka zapewniaj\u0105ca wiele miejsca na literatur\u0119. Inaczej wydzielimy natomiast pomieszczenie dla konesera figurek i stoj\u0105cych dekoracji. Idealnie sprawdzi si\u0119 tutaj meblo\u015bcianka o delikatnych p\u00f3\u0142eczkach, r\u00f3wnie\u017c z elementami zaszklonymi, gdzie \u015bwietnie b\u0119d\u0105 prezentowa\u0107 si\u0119 ozdoby, zdj\u0119cia oraz inne elementy dekoracyjne, kt\u00f3re wymagaj\u0105 ekspozycji.<\/p>\n","protected":false},"excerpt":{"rendered":"","protected":false},"author":1,"featured_media":904,"comment_status":"closed","ping_status":"closed","sticky":false,"template":"","format":"standard","meta":{"zakra_page_container_layout":"customizer","zakra_page_sidebar_layout":"customizer","zakra_remove_content_margin":false,"zakra_sidebar":"customizer","zakra_transparent_header":"customizer","zakra_logo":0,"zakra_main_header_style":"default","zakra_menu_item_color":"","zakra_menu_item_hover_color":"","zakra_menu_item_active_color":"","zakra_menu_active_style":"","zakra_page_header":true,"footnotes":""},"categories":[8],"tags":[],"class_list":["post-903","post","type-post","status-publish","format-standard","has-post-thumbnail","hentry","category-do-salonu"],"_links":{"self":[{"href":"https:\/\/interflatdesign.pl\/index.php\/wp-json\/wp\/v2\/posts\/903","targetHints":{"allow":["GET"]}}],"collection":[{"href":"https:\/\/interflatdesign.pl\/index.php\/wp-json\/wp\/v2\/posts"}],"about":[{"href":"https:\/\/interflatdesign.pl\/index.php\/wp-json\/wp\/v2\/types\/post"}],"author":[{"embeddable":true,"href":"https:\/\/interflatdesign.pl\/index.php\/wp-json\/wp\/v2\/users\/1"}],"replies":[{"embeddable":true,"href":"https:\/\/interflatdesign.pl\/index.php\/wp-json\/wp\/v2\/comments?post=903"}],"version-history":[{"count":1,"href":"https:\/\/interflatdesign.pl\/index.php\/wp-json\/wp\/v2\/posts\/903\/revisions"}],"predecessor-version":[{"id":905,"href":"https:\/\/interflatdesign.pl\/index.php\/wp-json\/wp\/v2\/posts\/903\/revisions\/905"}],"wp:featuredmedia":[{"embeddable":true,"href":"https:\/\/interflatdesign.pl\/index.php\/wp-json\/wp\/v2\/media\/904"}],"wp:attachment":[{"href":"https:\/\/interflatdesign.pl\/index.php\/wp-json\/wp\/v2\/media?parent=903"}],"wp:term":[{"taxonomy":"category","embeddable":true,"href":"https:\/\/interflatdesign.pl\/index.php\/wp-json\/wp\/v2\/categories?post=903"},{"taxonomy":"post_tag","embeddable":true,"href":"https:\/\/interflatdesign.pl\/index.php\/wp-json\/wp\/v2\/tags?post=903"}],"curies":[{"name":"wp","href":"https:\/\/api.w.org\/{rel}","templated":true}]}}