{"id":93,"date":"2019-10-25T11:37:06","date_gmt":"2019-10-25T11:37:06","guid":{"rendered":"http:\/\/interflatdesign.pl\/?p=93"},"modified":"2019-10-25T11:37:06","modified_gmt":"2019-10-25T11:37:06","slug":"dodatki-do-klimatycznej-lazienki","status":"publish","type":"post","link":"https:\/\/interflatdesign.pl\/index.php\/2019\/10\/25\/dodatki-do-klimatycznej-lazienki\/","title":{"rendered":"Dodatki do klimatycznej \u0142azienki"},"content":{"rendered":"\n<p>Remont \u0142azienki jest zawsze trudnym przedsi\u0119wzi\u0119ciem, ale nawet najtrudniejszy remont kiedy\u015b si\u0119 ko\u0144czy i przychodzi czas na zaaran\u017cowanie dodatk\u00f3w, kt\u00f3re b\u0119d\u0105 tworzy\u0142y klimat pomieszczenia. Jakie wyposa\u017cenie \u0142azienek <a href=\"https:\/\/www.camero.pl\">kliknij<\/a> jest niezb\u0119dne, by mie\u0107 klimatyczne, eleganckie pomieszczenie? <\/p>\n\n\n\n<h2 class=\"wp-block-heading\">Lustro \u2013 szyk i elegancja<\/h2>\n\n\n\n<p>W \u017cadnej \u0142azience nie mo\u017ce zabrakn\u0105\u0107 lustra. Jest to prawda oczywista, kt\u00f3r\u0105 znaj\u0105 wszyscy. Pytanie, jakie ma by\u0107 lustro do eleganckiej \u0142azienki? <\/p>\n\n\n\n<p>Wyb\u00f3r lustra uzale\u017cniony jest od stylu, kt\u00f3ry prezentuje nasza \u0142azienka. Wa\u017cne, czy nasze lustro ma komponowa\u0107 si\u0119 z wyposa\u017ceniem \u0142azienki, czy mo\u017ce chcemy uzyska\u0107 efekt kontrastu. W bia\u0142ej, stonowanej \u0142azience \u015bwietnie b\u0119dzie wygl\u0105da\u0142o lustro z grub\u0105, drewnian\u0105 ram\u0105. Lustro bez ramy, wkomponowane w kafelki dobrze b\u0119dzie si\u0119 prezentowa\u0142o w ma\u0142ej \u0142azience, gdzie du\u017ca, widoczna rama mo\u017ce by\u0107 przyt\u0142aczaj\u0105ca. <\/p>\n\n\n\n<h2 class=\"wp-block-heading\">Szafki tworz\u0105 styl<\/h2>\n\n\n\n<p>Styl ka\u017cdego pomieszczenia tworz\u0105 meble i dodatki. \u0141azienka jest miejscem, gdzie szafki maj\u0105 ogromne znaczenie. Bardzo cz\u0119sto \u0142azienki s\u0105 niewielkie. Wyposa\u017cenie \u0142azienek w takiej sytuacji nie jest \u0142atwe. Na niewielkiej przestrzeni warto zamontowa\u0107 szafki w kolorze jednolitym ze \u015bcianami. Dzi\u0119ki takiemu rozwi\u0105zaniu optycznie powi\u0119kszymy \u0142azienk\u0119. <\/p>\n\n\n\n<p>Salon \u0142azienek to miejsce, gdzie znajdziemy bardzo r\u00f3\u017cnorodne meble. Dla os\u00f3b, kt\u00f3re mog\u0105 pochwali\u0107 si\u0119 du\u017c\u0105, przestronn\u0105 \u0142azienka idealne b\u0119d\u0105 szafki w kolorze kontrastuj\u0105cym z kolorem \u015bcian. Zwracaj\u0105c na siebie uwag\u0119 b\u0119d\u0105 znacz\u0105cym elementem wyposa\u017cenia wn\u0119trza. <\/p>\n\n\n\n<p>Wyka\u0144czaj\u0105c \u0142azienk\u0119 trzeba pami\u0119ta\u0107, \u017ce w niewielkich pomieszczeniach sprawdza si\u0119 zasada \u201eim mniej tym lepiej\u201d. W ten spos\u00f3b unikniemy chaosu. Wyposa\u017cenie \u0142azienek, kt\u00f3re maj\u0105 wi\u0119kszy metra\u017c mo\u017ce by\u0107 odwa\u017cniejsze. Tu mo\u017cemy zastosowa\u0107 zasad\u0119 kontrastu, kt\u00f3ra b\u0119dzie zwraca\u0142a uwag\u0119 na jeden, charakterystyczny element. Mo\u017ce to by\u0107 lustro, szafka, czy designerskie lampy.<\/p>\n","protected":false},"excerpt":{"rendered":"<p>Remont \u0142azienki jest zawsze trudnym przedsi\u0119wzi\u0119ciem, ale nawet najtrudniejszy remont kiedy\u015b si\u0119 ko\u0144czy i przychodzi czas na zaaran\u017cowanie dodatk\u00f3w, kt\u00f3re b\u0119d\u0105 tworzy\u0142y klimat pomieszczenia. Jakie wyposa\u017cenie \u0142azienek kliknij jest niezb\u0119dne, by mie\u0107 klimatyczne, eleganckie pomieszczenie? Lustro \u2013 szyk i elegancja W \u017cadnej \u0142azience nie mo\u017ce zabrakn\u0105\u0107 lustra. Jest to prawda oczywista, kt\u00f3r\u0105 znaj\u0105 wszyscy. Pytanie, [&hellip;]<\/p>\n","protected":false},"author":1,"featured_media":94,"comment_status":"closed","ping_status":"closed","sticky":false,"template":"","format":"standard","meta":{"zakra_page_container_layout":"customizer","zakra_page_sidebar_layout":"customizer","zakra_remove_content_margin":false,"zakra_sidebar":"customizer","zakra_transparent_header":"customizer","zakra_logo":0,"zakra_main_header_style":"default","zakra_menu_item_color":"","zakra_menu_item_hover_color":"","zakra_menu_item_active_color":"","zakra_menu_active_style":"","zakra_page_header":true,"footnotes":""},"categories":[2],"tags":[],"class_list":["post-93","post","type-post","status-publish","format-standard","has-post-thumbnail","hentry","category-do-lazienki"],"_links":{"self":[{"href":"https:\/\/interflatdesign.pl\/index.php\/wp-json\/wp\/v2\/posts\/93","targetHints":{"allow":["GET"]}}],"collection":[{"href":"https:\/\/interflatdesign.pl\/index.php\/wp-json\/wp\/v2\/posts"}],"about":[{"href":"https:\/\/interflatdesign.pl\/index.php\/wp-json\/wp\/v2\/types\/post"}],"author":[{"embeddable":true,"href":"https:\/\/interflatdesign.pl\/index.php\/wp-json\/wp\/v2\/users\/1"}],"replies":[{"embeddable":true,"href":"https:\/\/interflatdesign.pl\/index.php\/wp-json\/wp\/v2\/comments?post=93"}],"version-history":[{"count":1,"href":"https:\/\/interflatdesign.pl\/index.php\/wp-json\/wp\/v2\/posts\/93\/revisions"}],"predecessor-version":[{"id":95,"href":"https:\/\/interflatdesign.pl\/index.php\/wp-json\/wp\/v2\/posts\/93\/revisions\/95"}],"wp:featuredmedia":[{"embeddable":true,"href":"https:\/\/interflatdesign.pl\/index.php\/wp-json\/wp\/v2\/media\/94"}],"wp:attachment":[{"href":"https:\/\/interflatdesign.pl\/index.php\/wp-json\/wp\/v2\/media?parent=93"}],"wp:term":[{"taxonomy":"category","embeddable":true,"href":"https:\/\/interflatdesign.pl\/index.php\/wp-json\/wp\/v2\/categories?post=93"},{"taxonomy":"post_tag","embeddable":true,"href":"https:\/\/interflatdesign.pl\/index.php\/wp-json\/wp\/v2\/tags?post=93"}],"curies":[{"name":"wp","href":"https:\/\/api.w.org\/{rel}","templated":true}]}}