{"id":963,"date":"2023-07-20T14:16:05","date_gmt":"2023-07-20T14:16:05","guid":{"rendered":"https:\/\/interflatdesign.pl\/?p=963"},"modified":"2023-07-14T14:19:43","modified_gmt":"2023-07-14T14:19:43","slug":"jak-ustawic-telewizor-i-sofe","status":"publish","type":"post","link":"https:\/\/interflatdesign.pl\/index.php\/2023\/07\/20\/jak-ustawic-telewizor-i-sofe\/","title":{"rendered":"Jak ustawi\u0107 telewizor i sof\u0119?"},"content":{"rendered":"\n<!--more-->\n\n\n\n<p><strong>&nbsp;Jedn\u0105 z ulubionych czynno\u015bci wykonywanych w salonie jest ogl\u0105danie telewizji. Cieszenie si\u0119 filmem z rodzin\u0105 lub ulubionym programem w samotno\u015bci jest znacznie wygodniejsze, gdy uk\u0142ad salonu jest odpowiedni. Ale czy wiesz, gdzie umie\u015bci\u0107 sof\u0119 i telewizor? Wraz ze zmianami, kt\u00f3re mia\u0142y miejsce w ci\u0105gu ostatnich kilku dekad w modelach telewizor\u00f3w dost\u0119pnych na rynku, uk\u0142ad salonu znacznie si\u0119 zmieni\u0142. P\u0142askie telewizory mo\u017cna teraz \u0142atwiej umie\u015bci\u0107 na dowolnym rodzaju mebli lub na \u015bcianie. Problem pojawia si\u0119 w przypadku telewizora z ekranem o przek\u0105tnej kilku cali, kt\u00f3ry jest g\u0142\u00f3wnym wyznacznikiem przy podejmowaniu decyzji o umiejscowieniu sofy.<\/strong><\/p>\n\n\n\n<h2 class=\"wp-block-heading\">Najlepsze miejsce na sof\u0119<\/h2>\n\n\n\n<p>Umieszczenie sofy w salonie takiej jak te (<a href=\"https:\/\/novodom.pl\/k\/sofy\">https:\/\/novodom.pl\/k\/sofy<\/a>), b\u0119dzie zale\u017ce\u0107 od wielu czynnik\u00f3w podczas dekorowania domu. Pocz\u0105wszy od przestrzeni dost\u0119pnej w salonie, a tak\u017ce liczby, rozmiaru i rodzaj\u00f3w miejsc siedz\u0105cych, kt\u00f3re chcesz uwzgl\u0119dni\u0107.<\/p>\n\n\n\n<p>W w\u0119\u017cszych salonach najlepiej wykorzysta\u0107 przestrze\u0144, umieszczaj\u0105c&nbsp;j\u0105 blisko \u015bciany. Ale je\u015bli masz wi\u0119cej miejsca, sofa do salonu mo\u017ce zosta\u0107 umieszczona na \u015brodku pomieszczenia i stan\u0105\u0107 naprzeciwko dowolnego innego mebla, aby stworzy\u0107 r\u00f3\u017cne obszary.<\/p>\n\n\n\n<figure class=\"wp-block-image aligncenter size-full\"><img loading=\"lazy\" decoding=\"async\" width=\"660\" height=\"600\" src=\"https:\/\/interflatdesign.pl\/wp-content\/uploads\/2023\/07\/sofa-do-salonu8.jpg\" alt=\"sofa do salonu\" class=\"wp-image-965\" srcset=\"https:\/\/interflatdesign.pl\/wp-content\/uploads\/2023\/07\/sofa-do-salonu8.jpg 660w, https:\/\/interflatdesign.pl\/wp-content\/uploads\/2023\/07\/sofa-do-salonu8-300x273.jpg 300w\" sizes=\"auto, (max-width: 660px) 100vw, 660px\" \/><\/figure>\n\n\n\n<h2 class=\"wp-block-heading\">Odleg\u0142o\u015b\u0107 mi\u0119dzy sof\u0105 a telewizorem<\/h2>\n\n\n\n<p>Telewizor i sofa do salonu powinny by\u0107 odziellone odleg\u0142o\u015bc\u0105 od 2 do 4,5 m, w zale\u017cno\u015bci od wielko\u015bci ekranu. Je\u015bli chodzi o miejsce umieszczenia telewizora, wygodniej jest umie\u015bci\u0107 go na wysoko\u015bci oczu.<\/p>\n\n\n\n<p>Eksperci zalecaj\u0105, aby minimalna odleg\u0142o\u015b\u0107, w jakiej powinien znajdowa\u0107 si\u0119 telewizor, by\u0142a nie mniejsza ni\u017c dwukrotna szeroko\u015b\u0107 ekranu. Je\u015bli wiesz dok\u0142adnie, ile cali ma Twoje urz\u0105dzenie, ustaw je w odleg\u0142o\u015bci 50 cm na ka\u017cde 10&#8221;.<\/p>\n\n\n\n<h2 class=\"wp-block-heading\">O\u015bwietlenie obok sofy<\/h2>\n\n\n\n<p>Kolejn\u0105 wskaz\u00f3wk\u0105, kt\u00f3ra mo\u017ce pom\u00f3c w podj\u0119ciu decyzji, gdzie ma zosta\u0107 umieszczona sofa do salonu, jest zabawa r\u00f3\u017cnymi rodzajami \u015bwiate\u0142 i ich intensywno\u015bci\u0105. Ustawiaj\u0105c meble w salonie, upewnij si\u0119, \u017ce jest wystarczaj\u0105co du\u017co miejsca, aby umie\u015bci\u0107 lamp\u0119 pod\u0142ogow\u0105 lub stolik boczny z dodatkow\u0105 lamp\u0105 obok sofy, aby uzyska\u0107 s\u0142absze \u015bwiat\u0142o. Wi\u0119kszo\u015b\u0107 lamp sufitowych w salonie ma zwykle wysok\u0105 intensywno\u015b\u0107, ale mo\u017cna r\u00f3wnie\u017c u\u017cy\u0107 lamp z mo\u017cliwo\u015bci\u0105 \u015bciemniania, je\u015bli nie chcesz dodawa\u0107 dodatkowej lampy obok sofy.<\/p>\n","protected":false},"excerpt":{"rendered":"","protected":false},"author":1,"featured_media":0,"comment_status":"closed","ping_status":"closed","sticky":false,"template":"","format":"standard","meta":{"zakra_page_container_layout":"customizer","zakra_page_sidebar_layout":"customizer","zakra_remove_content_margin":false,"zakra_sidebar":"customizer","zakra_transparent_header":"customizer","zakra_logo":0,"zakra_main_header_style":"default","zakra_menu_item_color":"","zakra_menu_item_hover_color":"","zakra_menu_item_active_color":"","zakra_menu_active_style":"","zakra_page_header":true,"footnotes":""},"categories":[8],"tags":[],"class_list":["post-963","post","type-post","status-publish","format-standard","hentry","category-do-salonu"],"_links":{"self":[{"href":"https:\/\/interflatdesign.pl\/index.php\/wp-json\/wp\/v2\/posts\/963","targetHints":{"allow":["GET"]}}],"collection":[{"href":"https:\/\/interflatdesign.pl\/index.php\/wp-json\/wp\/v2\/posts"}],"about":[{"href":"https:\/\/interflatdesign.pl\/index.php\/wp-json\/wp\/v2\/types\/post"}],"author":[{"embeddable":true,"href":"https:\/\/interflatdesign.pl\/index.php\/wp-json\/wp\/v2\/users\/1"}],"replies":[{"embeddable":true,"href":"https:\/\/interflatdesign.pl\/index.php\/wp-json\/wp\/v2\/comments?post=963"}],"version-history":[{"count":1,"href":"https:\/\/interflatdesign.pl\/index.php\/wp-json\/wp\/v2\/posts\/963\/revisions"}],"predecessor-version":[{"id":966,"href":"https:\/\/interflatdesign.pl\/index.php\/wp-json\/wp\/v2\/posts\/963\/revisions\/966"}],"wp:attachment":[{"href":"https:\/\/interflatdesign.pl\/index.php\/wp-json\/wp\/v2\/media?parent=963"}],"wp:term":[{"taxonomy":"category","embeddable":true,"href":"https:\/\/interflatdesign.pl\/index.php\/wp-json\/wp\/v2\/categories?post=963"},{"taxonomy":"post_tag","embeddable":true,"href":"https:\/\/interflatdesign.pl\/index.php\/wp-json\/wp\/v2\/tags?post=963"}],"curies":[{"name":"wp","href":"https:\/\/api.w.org\/{rel}","templated":true}]}}